{"id":840,"date":"2016-11-25T20:25:34","date_gmt":"2016-11-25T19:25:34","guid":{"rendered":"http:\/\/kabylietimes.com\/?p=840"},"modified":"2016-11-25T20:25:34","modified_gmt":"2016-11-25T19:25:34","slug":"amara-benyounes-compare-bouteflika-angela-merkel-video","status":"publish","type":"post","link":"https:\/\/kabylietimes.com\/index.php\/2016\/11\/25\/amara-benyounes-compare-bouteflika-angela-merkel-video\/","title":{"rendered":"Amara Benyoun\u00e8s compare Bouteflika \u00e0 Angela Merkel (vid\u00e9o)"},"content":{"rendered":"<p style=\"text-align: justify;\">Amara Benyoun\u00e8s compare le pr\u00e9sident alg\u00e9rien Abdelaziz Bouteflika \u00e0 la chanceli\u00e8re allemande Angela Merkel. \u00ab La chanceli\u00e8re (allemande) a annonc\u00e9 sa volont\u00e9 de se pr\u00e9senter pour un quatri\u00e8me mandat, il ne s\u2019est rien pass\u00e9 en Allemagne, vous avez vu ce qui s\u2019est pass\u00e9 quand on a parl\u00e9 de quatri\u00e8me mandat en Alg\u00e9rie \u00bb, a lanc\u00e9 Amara Benyoun\u00e8s lors du congr\u00e8s de la r\u00e9gion et de son parti organis\u00e9 ce vendredi 25 novembre \u00e0 Constantine.<\/p>\n<p style=\"text-align: justify;\">\u00ab On a parl\u00e9 de dictature et on a dit que ce n\u2019\u00e9tait pas d\u00e9mocrate \u00bb, a ajout\u00e9 le Secr\u00e9taire g\u00e9n\u00e9ral du MPA qui a \u00e9galement lanc\u00e9 un d\u00e9fi aux journalistes et aux responsables politiques alg\u00e9riens. \u00ab Pourquoi ne critiquent-ils pas le quatri\u00e8me mandat d\u2019Angela Merkel ? \u00bb, leur demande Amara Benyoun\u00e8s, qui limite cette comparaison aux mandats pr\u00e9sidentiels.<\/p>\n<p style=\"text-align: justify;\">Dans un entretien accord\u00e9 \u00e0 TSA, le patron du MPA a assur\u00e9 que son parti soutiendrait pour un cinqui\u00e8me mandat le pr\u00e9sident Bouteflika si ce dernier d\u00e9cide de se repr\u00e9senter en 2019.<\/p>\n<p style=\"text-align: justify;\"><a href=\"http:\/\/www.tsa-algerie.com\/20161125\/video-amara-benyounes-compare-bouteflika-a-angela-merkel\/\">TSA<\/a><\/p>\n<p>&nbsp;<\/p>\n<p>&nbsp;<\/p>\n<div class=\"fitvids-video\"><iframe loading=\"lazy\" width=\"800\" height=\"450\" src=\"https:\/\/www.youtube.com\/embed\/ZND90JqV9Fw?feature=oembed\" frameborder=\"0\" allowfullscreen><\/iframe><\/div>\n\n<div style=\"font-size: 0px; height: 0px; line-height: 0px; margin: 0; padding: 0; clear: both;\"><\/div>","protected":false},"excerpt":{"rendered":"<p>Amara Benyoun\u00e8s compare le pr\u00e9sident alg\u00e9rien Abdelaziz Bouteflika \u00e0 la chanceli\u00e8re allemande Angela Merkel. \u00ab La chanceli\u00e8re (allemande) a annonc\u00e9<\/p>\n","protected":false},"author":1,"featured_media":841,"comment_status":"closed","ping_status":"closed","sticky":false,"template":"","format":"standard","meta":{"sfsi_plus_gutenberg_text_before_share":"","sfsi_plus_gutenberg_show_text_before_share":"","sfsi_plus_gutenberg_icon_type":"","sfsi_plus_gutenberg_icon_alignemt":"","sfsi_plus_gutenburg_max_per_row":""},"categories":[26,24],"tags":[],"_links":{"self":[{"href":"https:\/\/kabylietimes.com\/index.php\/wp-json\/wp\/v2\/posts\/840"}],"collection":[{"href":"https:\/\/kabylietimes.com\/index.php\/wp-json\/wp\/v2\/posts"}],"about":[{"href":"https:\/\/kabylietimes.com\/index.php\/wp-json\/wp\/v2\/types\/post"}],"author":[{"embeddable":true,"href":"https:\/\/kabylietimes.com\/index.php\/wp-json\/wp\/v2\/users\/1"}],"replies":[{"embeddable":true,"href":"https:\/\/kabylietimes.com\/index.php\/wp-json\/wp\/v2\/comments?post=840"}],"version-history":[{"count":1,"href":"https:\/\/kabylietimes.com\/index.php\/wp-json\/wp\/v2\/posts\/840\/revisions"}],"predecessor-version":[{"id":842,"href":"https:\/\/kabylietimes.com\/index.php\/wp-json\/wp\/v2\/posts\/840\/revisions\/842"}],"wp:featuredmedia":[{"embeddable":true,"href":"https:\/\/kabylietimes.com\/index.php\/wp-json\/wp\/v2\/media\/841"}],"wp:attachment":[{"href":"https:\/\/kabylietimes.com\/index.php\/wp-json\/wp\/v2\/media?parent=840"}],"wp:term":[{"taxonomy":"category","embeddable":true,"href":"https:\/\/kabylietimes.com\/index.php\/wp-json\/wp\/v2\/categories?post=840"},{"taxonomy":"post_tag","embeddable":true,"href":"https:\/\/kabylietimes.com\/index.php\/wp-json\/wp\/v2\/tags?post=840"}],"curies":[{"name":"wp","href":"https:\/\/api.w.org\/{rel}","templated":true}]}}