{"id":556,"date":"2016-11-21T23:12:20","date_gmt":"2016-11-21T22:12:20","guid":{"rendered":"http:\/\/kabylietimes.com\/?p=556"},"modified":"2016-11-22T01:43:34","modified_gmt":"2016-11-22T00:43:34","slug":"boualem-mimouni-tire-sur-wali-bejaia","status":"publish","type":"post","link":"https:\/\/kabylietimes.com\/index.php\/2016\/11\/21\/boualem-mimouni-tire-sur-wali-bejaia\/","title":{"rendered":"Boualem Mimouni tire sur le Wali de B\u00e9jaia"},"content":{"rendered":"<p style=\"text-align: justify;\">Boualem&nbsp; Mimouni, l\u2019\u00e9lu FFS et pr\u00e9sident de la commission&nbsp; am\u00e9nagement du territoire et Transport \u00e0&nbsp; l\u2019APW de Vgayet vient, \u00e0 travers sa page Facebook, de r\u00e9pondre au wali de B\u00e9jaia, apr\u00e8s avoir menac\u00e9 la population locale quant aux fermetures des routes et des si\u00e8ges d\u2019APC.<\/p>\n<p style=\"text-align: justify;\">En effet, l\u2019\u00e9lu a invit\u00e9 le repr\u00e9sentant du gouvernement \u00e0&nbsp; se pr\u00e9occuper des probl\u00e8mes des citoyens au lieu de les menacer. Il a tout de m\u00eame rappel\u00e9 que B\u00e9jaia demeurera le Bastion des luttes d\u00e9mocratiques et de la libert\u00e9 d&rsquo;expression&nbsp;: \u00ab&nbsp;Libre, Belle et Rebelle, elle restera insoumise, combative et revendicative jusqu&rsquo;\u00e0 l&rsquo;av\u00e8nement d&rsquo;une Alg\u00e9rie v\u00e9ritablement libre et d\u00e9mocratique&nbsp;\u00bb a-t-il \u00e9crit,&nbsp; Boualem Mimouni.<\/p>\n<h3 style=\"text-align: justify;\">Voici l\u2019int\u00e9gralit\u00e9 de sa d\u00e9claration&nbsp;:<\/h3>\n<p style=\"text-align: justify;\">Le Wali de la Wilaya B\u00e9jaia, vient de menacer la population de la Wilaya de B\u00e9jaia (fait gravissime et condamnable), de recourir \u00e0 l&#8217;emprisonnement (05 \u00e0 20 ans) de toute personne qui oserait revendiquer ses droits l\u00e9gitimes pacifiquement par le recours \u00e0 la fermeture des si\u00e8ges des APC, Da\u00efras o\u00f9 routes.<\/p>\n<p style=\"text-align: justify;\">Qui aimerait passer son temps \u00e0 couper la route, toute la journ\u00e9e, par fois plus? Personne. Nous condamnons la violence sous toutes ses formes. D&rsquo;ailleurs m\u00eame ceux qui coupent la route la condamne, nous le savons. Si la population voit en \u00e7ela le dernier recours, c&rsquo;est pour exprimer son ras-le-bol; apr\u00e8s avoir vraiment \u00e9puis\u00e9 et constat\u00e9 que toutes les portes du dialogue franc et sinc\u00e8re soient ferm\u00e9es.<\/p>\n<p style=\"text-align: justify;\">Les Milliards de dinars de perte pour l&rsquo;\u00e9conomie du pays, suite \u00e0 ces multiples fermetures de routes, invoqu\u00e9s par le Wali de B\u00e9jaia ne sont que des miettes (pipi de chat) devant les 800 Milliards de Dollars que l&rsquo;Alg\u00e9rie a eu \u00e0 d\u00e9bourser, sans que la wilaya de B\u00e9jaia n&rsquo;en b\u00e9n\u00e9ficie de sa part qu&rsquo;il lui revient de droit, comme toutes les autres Willayas du pays en avaient b\u00e9n\u00e9fici\u00e9, malgr\u00e9 son r\u00f4le pr\u00e9pond\u00e9rant de Wilaya Martyre durant la R\u00e9volution Alg\u00e9rienne (Akfadou PC d&rsquo;Amirouche et Ifri sont \u00e9ternellement t\u00e9moins de l&rsquo;Histoire); ainsi que devant l&rsquo;esprit de libert\u00e9, de respect de la dignit\u00e9 humaine et des droits des Citoyennes Citoyens auxquels la population de B\u00e9jaia tient plus que tout.<\/p>\n<p style=\"text-align: justify;\">Ne s&rsquo;est-elle pas r\u00e9volt\u00e9e contre tous les dictats de Ben-Bella, Boumediene et Chadli, Zeroual? Le r\u00e9gime du Dictateur Bouteflika pourrait-il plier et normaliser la population de B\u00e9jaia et de toutes les r\u00e9gions d&rsquo;Alg\u00e9rie ? Non, la population de B\u00e9jaia, comme tout le peuple alg\u00e9rien ne se normalisera jamais; B\u00e9jaia demeurera le Bastion des luttes d\u00e9mocratiques et de la libert\u00e9 d&rsquo;expression; Libre, Belle et Rebelle; elle restera insoumise, combative et revendicative jusqu&rsquo;\u00e0 l&rsquo;av\u00e8nement d&rsquo;une Alg\u00e9rie v\u00e9ritablement libre et d\u00e9mocratique.<\/p>\n<p style=\"text-align: justify;\">Gloire \u00e0 nos Martyrs;<br \/>\nVive l&rsquo;Alg\u00e9rie unie et plurielle libre et d\u00e9mocratique.<\/p>\n<p>&nbsp;<\/p>\n\n<div style=\"font-size: 0px; height: 0px; line-height: 0px; margin: 0; padding: 0; clear: both;\"><\/div>","protected":false},"excerpt":{"rendered":"<p>Boualem&nbsp; Mimouni, l\u2019\u00e9lu FFS et pr\u00e9sident de la commission&nbsp; am\u00e9nagement du territoire et Transport \u00e0&nbsp; l\u2019APW de Vgayet vient, \u00e0<\/p>\n","protected":false},"author":1,"featured_media":557,"comment_status":"closed","ping_status":"closed","sticky":false,"template":"","format":"standard","meta":{"sfsi_plus_gutenberg_text_before_share":"","sfsi_plus_gutenberg_show_text_before_share":"","sfsi_plus_gutenberg_icon_type":"","sfsi_plus_gutenberg_icon_alignemt":"","sfsi_plus_gutenburg_max_per_row":""},"categories":[26],"tags":[],"_links":{"self":[{"href":"https:\/\/kabylietimes.com\/index.php\/wp-json\/wp\/v2\/posts\/556"}],"collection":[{"href":"https:\/\/kabylietimes.com\/index.php\/wp-json\/wp\/v2\/posts"}],"about":[{"href":"https:\/\/kabylietimes.com\/index.php\/wp-json\/wp\/v2\/types\/post"}],"author":[{"embeddable":true,"href":"https:\/\/kabylietimes.com\/index.php\/wp-json\/wp\/v2\/users\/1"}],"replies":[{"embeddable":true,"href":"https:\/\/kabylietimes.com\/index.php\/wp-json\/wp\/v2\/comments?post=556"}],"version-history":[{"count":3,"href":"https:\/\/kabylietimes.com\/index.php\/wp-json\/wp\/v2\/posts\/556\/revisions"}],"predecessor-version":[{"id":574,"href":"https:\/\/kabylietimes.com\/index.php\/wp-json\/wp\/v2\/posts\/556\/revisions\/574"}],"wp:featuredmedia":[{"embeddable":true,"href":"https:\/\/kabylietimes.com\/index.php\/wp-json\/wp\/v2\/media\/557"}],"wp:attachment":[{"href":"https:\/\/kabylietimes.com\/index.php\/wp-json\/wp\/v2\/media?parent=556"}],"wp:term":[{"taxonomy":"category","embeddable":true,"href":"https:\/\/kabylietimes.com\/index.php\/wp-json\/wp\/v2\/categories?post=556"},{"taxonomy":"post_tag","embeddable":true,"href":"https:\/\/kabylietimes.com\/index.php\/wp-json\/wp\/v2\/tags?post=556"}],"curies":[{"name":"wp","href":"https:\/\/api.w.org\/{rel}","templated":true}]}}