{"id":5357,"date":"2020-10-18T10:50:46","date_gmt":"2020-10-18T08:50:46","guid":{"rendered":"https:\/\/kabylietimes.com\/?p=5357"},"modified":"2020-10-18T10:50:53","modified_gmt":"2020-10-18T08:50:53","slug":"fatima-bedar-premiere-victime-des-manifestations-du-17-octobre-1961","status":"publish","type":"post","link":"https:\/\/kabylietimes.com\/index.php\/2020\/10\/18\/fatima-bedar-premiere-victime-des-manifestations-du-17-octobre-1961\/","title":{"rendered":"Fatima Bedar : Premi\u00e8re victime des manifestations du 17 octobre 1961"},"content":{"rendered":"\n<p><\/p>\n\n\n\n<p>PORTRAIT &#8211; HOMMAGE : <\/p>\n\n\n\n<p>Fatima Bedar&nbsp;: Premi\u00e8re victime des\nmanifestations du 17 octobre 1961 <\/p>\n\n\n\n<p>Elle n\u2019avait que 15 ans, la martyre Fatima Bedar est\nn\u00e9e le 5 ao\u00fbt 1946 \u00e0 B\u00e9jaia.<\/p>\n\n\n\n<p>En cette journ\u00e9e du 17 Octobre, sa m\u00e8re lui demande de\nrevenir le plus t\u00f4t possible \u00e0 la maison pour garder son fr\u00e8re et ses s\u0153urs car\nles parents devraient se rendre \u00e0 la manifestation, d\u00e9cid\u00e9e par les fr\u00e8res.\nFatima, m\u00e9contente du r\u00f4le que sa m\u00e8re lui attribue s\u2019y oppose. Elle exprime\nfermement \u00e0 ses parents son d\u00e9sir de les accompagner. \u00ab II n\u2019en est pas\nquestion ! \u00bb, lui r\u00e9torquent-ils avec autorit\u00e9. C\u2019est alors la grande dispute.\nL\u2019accrochage de Fatima a lieu surtout avec sa m\u00e8re. Apr\u00e8s le d\u00e9part des\nparents, Fatima d\u00e9cide de sortir pour aller \u00e0 la manifestation. Sa petite s\u0153ur Louisa\nla voit partir en courant.<\/p>\n\n\n\n<p>Le soir venu, Fatima ne rentre pas \u00e0 la maison. Le\nlendemain non plus. Les jours suivants, non plus. Les recherches parentales\nsont vaines. Puis un soir, le paternel rentre \u00e0 la maison avec le cartable de\nsa petite Fatima tant ch\u00e9rie.<\/p>\n\n\n\n<p>Le 31 octobre on retrouvera finalement le corps sans\nvie de Fatima dans les profondeurs du canal de Stains. Ce sont les ouvriers\ncharg\u00e9s du nettoyage de la grille de la 7e \u00e9cluse du canal qui font le macabre\nd\u00e9couvert. Le fr\u00eale corps \u00e9tait retenu par la grille d\u2019une turbine.<\/p>\n\n\n\n<p>Source&nbsp;: Maison de la culture Mouloud Mammeri de\nTizi Ouzou &nbsp;<\/p>\n\n\n\n<p><\/p>\n\n<div style=\"font-size: 0px; height: 0px; line-height: 0px; margin: 0; padding: 0; clear: both;\"><\/div>","protected":false},"excerpt":{"rendered":"<p>PORTRAIT &#8211; HOMMAGE : Fatima Bedar&nbsp;: Premi\u00e8re victime des manifestations du 17 octobre 1961 Elle n\u2019avait que 15 ans, la<\/p>\n","protected":false},"author":8,"featured_media":5358,"comment_status":"closed","ping_status":"closed","sticky":false,"template":"","format":"standard","meta":{"sfsi_plus_gutenberg_text_before_share":"","sfsi_plus_gutenberg_show_text_before_share":"","sfsi_plus_gutenberg_icon_type":"","sfsi_plus_gutenberg_icon_alignemt":"","sfsi_plus_gutenburg_max_per_row":""},"categories":[17,805],"tags":[],"_links":{"self":[{"href":"https:\/\/kabylietimes.com\/index.php\/wp-json\/wp\/v2\/posts\/5357"}],"collection":[{"href":"https:\/\/kabylietimes.com\/index.php\/wp-json\/wp\/v2\/posts"}],"about":[{"href":"https:\/\/kabylietimes.com\/index.php\/wp-json\/wp\/v2\/types\/post"}],"author":[{"embeddable":true,"href":"https:\/\/kabylietimes.com\/index.php\/wp-json\/wp\/v2\/users\/8"}],"replies":[{"embeddable":true,"href":"https:\/\/kabylietimes.com\/index.php\/wp-json\/wp\/v2\/comments?post=5357"}],"version-history":[{"count":1,"href":"https:\/\/kabylietimes.com\/index.php\/wp-json\/wp\/v2\/posts\/5357\/revisions"}],"predecessor-version":[{"id":5359,"href":"https:\/\/kabylietimes.com\/index.php\/wp-json\/wp\/v2\/posts\/5357\/revisions\/5359"}],"wp:featuredmedia":[{"embeddable":true,"href":"https:\/\/kabylietimes.com\/index.php\/wp-json\/wp\/v2\/media\/5358"}],"wp:attachment":[{"href":"https:\/\/kabylietimes.com\/index.php\/wp-json\/wp\/v2\/media?parent=5357"}],"wp:term":[{"taxonomy":"category","embeddable":true,"href":"https:\/\/kabylietimes.com\/index.php\/wp-json\/wp\/v2\/categories?post=5357"},{"taxonomy":"post_tag","embeddable":true,"href":"https:\/\/kabylietimes.com\/index.php\/wp-json\/wp\/v2\/tags?post=5357"}],"curies":[{"name":"wp","href":"https:\/\/api.w.org\/{rel}","templated":true}]}}