{"id":5220,"date":"2020-10-05T12:14:51","date_gmt":"2020-10-05T10:14:51","guid":{"rendered":"https:\/\/kabylietimes.com\/?p=5220"},"modified":"2020-10-05T12:22:50","modified_gmt":"2020-10-05T10:22:50","slug":"accident-mortel-au-complexe-cevital","status":"publish","type":"post","link":"https:\/\/kabylietimes.com\/index.php\/2020\/10\/05\/accident-mortel-au-complexe-cevital\/","title":{"rendered":"\u00a0\u00bbAccident mortel\u00a0\u00bb au complexe CEVITAL"},"content":{"rendered":"\n<p>I.M   Le 05.10.2020 \u00e0 11:11<\/p>\n\n\n\n<p><\/p>\n\n\n\n<p>Un \u2018\u2019accident mortel\u2019\u2019 est survenu hier\ndimanche4 octobre 2020 vers 20 h30 qui a cout\u00e9 la mort de deux ouvriers au\nniveau du complexe Alimentaire de CEVITAL, selon Bejaia_sois_l&rsquo;Observateur <\/p>\n\n\n\n<p>Selon toujours notre source, l&rsquo;accident a caus\u00e9 la mort de deux ouvriers \u00e2g\u00e9s de 43 et 45 ans, originaires de la ville de Vgayet .<\/p>\n\n\n\n<figure class=\"wp-block-image size-large\"><img loading=\"lazy\" width=\"540\" height=\"960\" src=\"https:\/\/kabylietimes.com\/wp-content\/uploads\/2020\/10\/120825745_1739064216253289_5648981924395322504_n.jpg\" alt=\"\" class=\"wp-image-5222\" srcset=\"https:\/\/kabylietimes.com\/wp-content\/uploads\/2020\/10\/120825745_1739064216253289_5648981924395322504_n.jpg 540w, https:\/\/kabylietimes.com\/wp-content\/uploads\/2020\/10\/120825745_1739064216253289_5648981924395322504_n-169x300.jpg 169w\" sizes=\"(max-width: 540px) 100vw, 540px\" \/><\/figure>\n\n\n\n<p>A l&rsquo;heure o\u00f9 nous publions cette info,\non ignore les causes exactes de cet accident, <\/p>\n\n\n\n<p>Par ailleurs, une enqu\u00eate est ouverte par les services concern\u00e9s pour d\u00e9terminer les circonstances exactes de ce drame.<\/p>\n\n\n\n<figure class=\"wp-block-image size-large is-resized\"><img loading=\"lazy\" src=\"https:\/\/kabylietimes.com\/wp-content\/uploads\/2020\/10\/120911676_1739064236253287_3804462089310419812_n.jpg\" alt=\"\" class=\"wp-image-5223\" width=\"353\" height=\"628\" srcset=\"https:\/\/kabylietimes.com\/wp-content\/uploads\/2020\/10\/120911676_1739064236253287_3804462089310419812_n.jpg 540w, https:\/\/kabylietimes.com\/wp-content\/uploads\/2020\/10\/120911676_1739064236253287_3804462089310419812_n-169x300.jpg 169w\" sizes=\"(max-width: 353px) 100vw, 353px\" \/><\/figure>\n\n\n\n<p>Cr\u00e9dit photo : Bejaia Sois l&rsquo;Observateur\n<\/p>\n\n<div style=\"font-size: 0px; height: 0px; line-height: 0px; margin: 0; padding: 0; clear: both;\"><\/div>","protected":false},"excerpt":{"rendered":"<p>I.M Le 05.10.2020 \u00e0 11:11 Un \u2018\u2019accident mortel\u2019\u2019 est survenu hier dimanche4 octobre 2020 vers 20 h30 qui a cout\u00e9<\/p>\n","protected":false},"author":8,"featured_media":5221,"comment_status":"open","ping_status":"open","sticky":false,"template":"","format":"standard","meta":{"sfsi_plus_gutenberg_text_before_share":"","sfsi_plus_gutenberg_show_text_before_share":"","sfsi_plus_gutenberg_icon_type":"","sfsi_plus_gutenberg_icon_alignemt":"","sfsi_plus_gutenburg_max_per_row":""},"categories":[26,17],"tags":[],"_links":{"self":[{"href":"https:\/\/kabylietimes.com\/index.php\/wp-json\/wp\/v2\/posts\/5220"}],"collection":[{"href":"https:\/\/kabylietimes.com\/index.php\/wp-json\/wp\/v2\/posts"}],"about":[{"href":"https:\/\/kabylietimes.com\/index.php\/wp-json\/wp\/v2\/types\/post"}],"author":[{"embeddable":true,"href":"https:\/\/kabylietimes.com\/index.php\/wp-json\/wp\/v2\/users\/8"}],"replies":[{"embeddable":true,"href":"https:\/\/kabylietimes.com\/index.php\/wp-json\/wp\/v2\/comments?post=5220"}],"version-history":[{"count":2,"href":"https:\/\/kabylietimes.com\/index.php\/wp-json\/wp\/v2\/posts\/5220\/revisions"}],"predecessor-version":[{"id":5225,"href":"https:\/\/kabylietimes.com\/index.php\/wp-json\/wp\/v2\/posts\/5220\/revisions\/5225"}],"wp:featuredmedia":[{"embeddable":true,"href":"https:\/\/kabylietimes.com\/index.php\/wp-json\/wp\/v2\/media\/5221"}],"wp:attachment":[{"href":"https:\/\/kabylietimes.com\/index.php\/wp-json\/wp\/v2\/media?parent=5220"}],"wp:term":[{"taxonomy":"category","embeddable":true,"href":"https:\/\/kabylietimes.com\/index.php\/wp-json\/wp\/v2\/categories?post=5220"},{"taxonomy":"post_tag","embeddable":true,"href":"https:\/\/kabylietimes.com\/index.php\/wp-json\/wp\/v2\/tags?post=5220"}],"curies":[{"name":"wp","href":"https:\/\/api.w.org\/{rel}","templated":true}]}}