{"id":5153,"date":"2020-09-05T16:37:13","date_gmt":"2020-09-05T14:37:13","guid":{"rendered":"https:\/\/kabylietimes.com\/?p=5153"},"modified":"2020-09-05T16:37:16","modified_gmt":"2020-09-05T14:37:16","slug":"annie-cordy-retrouvee-morte-a-son-domicile-familial","status":"publish","type":"post","link":"https:\/\/kabylietimes.com\/index.php\/2020\/09\/05\/annie-cordy-retrouvee-morte-a-son-domicile-familial\/","title":{"rendered":"Annie Cordy retrouv\u00e9e morte \u00e0 son domicile familial"},"content":{"rendered":"\n<h2>La chanteuse a \u00e9t\u00e9 retrouv\u00e9e par les pompiers \u00e0 son domicile de Vallauris,\npr\u00e8s de Cannes.<\/h2>\n\n\n\n<p>L&rsquo;interpr\u00e8te\nde \u00ab Tata Yoyo \u00bb n&rsquo;est plus. <a href=\"https:\/\/www.leparisien.fr\/culture-loisirs\/la-belgique-celebre-les-90-ans-d-annie-cordy-07-07-2018-7810953.php\" target=\"_blank\" rel=\"noreferrer noopener\">Annie Cordy<\/a> a \u00e9t\u00e9 retrouv\u00e9e morte ce vendredi soir \u00e0\nson domicile, <a href=\"https:\/\/www.nicematin.com\/people\/info-nice-matin-annie-cordy-est-decedee-chez-elle-a-vallauris-566910\" target=\"_blank\" rel=\"noreferrer noopener\">annonce le journal Nice-Matin<\/a>. L&rsquo;information a ensuite\n\u00e9t\u00e9 confirm\u00e9e par sa famille \u00e0 l&rsquo;AFP.<\/p>\n\n\n\n<p>La c\u00e9l\u00e8bre\nchanteuse et com\u00e9dienne belge &#8211; L\u00e9onie Cooreman, de son vrai nom &#8211; a \u00e9t\u00e9\nretrouv\u00e9e \u00e0 son domicile de Vallauris (Alpes-Maritimes), pr\u00e8s de Cannes, par\nles pompiers, appel\u00e9s apr\u00e8s un malaise.<\/p>\n\n\n\n<figure><iframe width=\"300\" height=\"250\"><\/iframe><\/figure>\n\n\n\n<p>\n\n\u00ab Elle a fait un malaise vers 18h00. Les pompiers sont\narriv\u00e9s tr\u00e8s vite, ont tout tent\u00e9 pour la ranimer \u00bb, a indiqu\u00e9 sa ni\u00e8ce,\nMich\u00e8le Lebon, qui vivait avec elle depuis des ann\u00e9es. \u00ab Elle est partie en\nquelques minutes \u00bb, a-t-elle ajout\u00e9. Annie Cordy \u00e9tait \u00e2g\u00e9e de 92 ans.\n\n<\/p>\n\n\n\n<h2><\/h2>\n\n\n\n<p>Une\ncarri\u00e8re remarquable\n\n\u00ab\nElle avait des probl\u00e8mes de m\u00e9moire, je ne suis pas tr\u00e8s surpris, mais\nprofond\u00e9ment triste \u00bb, a r\u00e9agi son ami le chanteur Dave, interrog\u00e9 sur BFMTV,\nsoulignant combien Annie Cordy incarnait \u00ab l&rsquo;\u00e9nergie \u00bb.\n\nD&rsquo;op\u00e9rettes\nen com\u00e9dies musicales (\u00ab La Route fleurie \u00bb avec Georges Gu\u00e9tary et Bourvil, \u00ab\nVisa pour l&rsquo;amour \u00bb avec Luis Mariano, \u00ab Hello Dolly \u00bb), en passant par le\nrire, la chanson, le th\u00e9\u00e2tre, le cin\u00e9ma et les t\u00e9l\u00e9films, l&rsquo;infatigable\nfantaisiste a fait preuve d&rsquo;un perfectionnisme quasi maniaque.\n\n<\/p>\n\n\n\n\n\n<p> Elle a encha\u00een\u00e9 r\u00e9p\u00e9titions, tourn\u00e9es, enregistrement de chansons et plateaux de cin\u00e9ma, \u00e0 un rythme impressionnant. \u00c0 l&rsquo;occasion de ses 90 ans en 2018, Bruxelles avait baptis\u00e9 un parc \u00e0 son nom. \u00ab Cela fait un effet incroyable d&rsquo;\u00eatre ainsi reconnue par les siens \u00bb, avait d\u00e9clar\u00e9 l&rsquo;artiste, tr\u00e8s \u00e9mue par cet hommage dans son pays natal. <\/p>\n\n\n\n<p>Source : <a href=\"https:\/\/www.leparisien.fr\/culture-loisirs\/mort-de-la-chanteuse-annie-cordy-a-l-age-de-92-ans-04-09-2020-8378877.php?fbclid=IwAR1-vnf1XvQb_qFz9tjdjXXm2xt_pSi1R-s1tn0jtC-8pj_0Wry0-sYVZ0k#xtor=AD-1481423552\">ICI<\/a><\/p>\n\n\n\n\n\n<p> \u00ab<\/p>\n\n\n\n\n\n<p> <\/p>\n\n\n\n<p><\/p>\n\n\n\n<p><\/p>\n\n<div style=\"font-size: 0px; height: 0px; line-height: 0px; margin: 0; padding: 0; clear: both;\"><\/div>","protected":false},"excerpt":{"rendered":"<p>La chanteuse a \u00e9t\u00e9 retrouv\u00e9e par les pompiers \u00e0 son domicile de Vallauris, pr\u00e8s de Cannes. L&rsquo;interpr\u00e8te de \u00ab Tata<\/p>\n","protected":false},"author":8,"featured_media":5154,"comment_status":"closed","ping_status":"closed","sticky":false,"template":"","format":"standard","meta":{"sfsi_plus_gutenberg_text_before_share":"","sfsi_plus_gutenberg_show_text_before_share":"","sfsi_plus_gutenberg_icon_type":"","sfsi_plus_gutenberg_icon_alignemt":"","sfsi_plus_gutenburg_max_per_row":""},"categories":[26,21],"tags":[],"_links":{"self":[{"href":"https:\/\/kabylietimes.com\/index.php\/wp-json\/wp\/v2\/posts\/5153"}],"collection":[{"href":"https:\/\/kabylietimes.com\/index.php\/wp-json\/wp\/v2\/posts"}],"about":[{"href":"https:\/\/kabylietimes.com\/index.php\/wp-json\/wp\/v2\/types\/post"}],"author":[{"embeddable":true,"href":"https:\/\/kabylietimes.com\/index.php\/wp-json\/wp\/v2\/users\/8"}],"replies":[{"embeddable":true,"href":"https:\/\/kabylietimes.com\/index.php\/wp-json\/wp\/v2\/comments?post=5153"}],"version-history":[{"count":1,"href":"https:\/\/kabylietimes.com\/index.php\/wp-json\/wp\/v2\/posts\/5153\/revisions"}],"predecessor-version":[{"id":5155,"href":"https:\/\/kabylietimes.com\/index.php\/wp-json\/wp\/v2\/posts\/5153\/revisions\/5155"}],"wp:featuredmedia":[{"embeddable":true,"href":"https:\/\/kabylietimes.com\/index.php\/wp-json\/wp\/v2\/media\/5154"}],"wp:attachment":[{"href":"https:\/\/kabylietimes.com\/index.php\/wp-json\/wp\/v2\/media?parent=5153"}],"wp:term":[{"taxonomy":"category","embeddable":true,"href":"https:\/\/kabylietimes.com\/index.php\/wp-json\/wp\/v2\/categories?post=5153"},{"taxonomy":"post_tag","embeddable":true,"href":"https:\/\/kabylietimes.com\/index.php\/wp-json\/wp\/v2\/tags?post=5153"}],"curies":[{"name":"wp","href":"https:\/\/api.w.org\/{rel}","templated":true}]}}