{"id":5147,"date":"2020-08-31T20:52:24","date_gmt":"2020-08-31T18:52:24","guid":{"rendered":"https:\/\/kabylietimes.com\/?p=5147"},"modified":"2020-08-31T20:52:27","modified_gmt":"2020-08-31T18:52:27","slug":"le-confinement-prolonge-de-30-jours","status":"publish","type":"post","link":"https:\/\/kabylietimes.com\/index.php\/2020\/08\/31\/le-confinement-prolonge-de-30-jours\/","title":{"rendered":"Le confinement prolong\u00e9 de 30 jours"},"content":{"rendered":"\n<p>I.M  Le 31.08.2020  \u00e0 19:53<\/p>\n\n\n\n<p><\/p>\n\n\n\n<p>Dans le\ncadre de la lutte contre la propagation du Covid-19, Abdelaziz Djerad a\nannonc\u00e9, aujourd\u2019hui lundi 31 aout 2020 &nbsp;la\nprolongation du confinement sanitaire de 30 &nbsp;jours suppl\u00e9mentaires, pour 10 wilayas &nbsp;\u00e0 savoir, Boumerd\u00e9s, Tuvirets, Vgayet, Alger,\nM\u00e9dea, Blida, Tipaza , Oran et Annaba \u00e0 partir de demain mardi 1<sup>er<\/sup>\nseptembre 2020. <\/p>\n\n\n\n<p><strong>Pourquoi\nce prolongement&nbsp;?<\/strong><\/p>\n\n\n\n<p>D\u00e9s l\u2019annonce de cette d\u00e9cision, plusieurs personnes se\nsont interrog\u00e9s pourquoi ce prolongement&nbsp;? &nbsp;Malgr\u00e9 que les contaminations ont baiss\u00e9 ses\nderniers jours, &nbsp;En effet, \u2018\u2019 trois cent\nquarante-huit (348) nouveaux cas confirm\u00e9s de Coronavirus, 266 gu\u00e9risons et 9\nd\u00e9c\u00e8s ont \u00e9t\u00e9 enregistr\u00e9s durant les derni\u00e8res 24 heures, a indiqu\u00e9 ce lundi \u00e0\nAlger le porte-parole du Comit\u00e9 scientifique de suivi de l\u2019\u00e9volution de la pand\u00e9mie\ndu Coronavirus, Dr Djamel Fourar\u2019\u2019.<\/p>\n\n\n\n<p>\u2018\u2019Si p\u00e9riode d&rsquo;incubation du virus est de 14 jours\nmaximum, pourquoi prolonger le confinement de 30 jours\u2019\u2019, S\u2019interroge-t on. La\nquestion reste pos\u00e9e .<\/p>\n\n<div style=\"font-size: 0px; height: 0px; line-height: 0px; margin: 0; padding: 0; clear: both;\"><\/div>","protected":false},"excerpt":{"rendered":"<p>I.M Le 31.08.2020 \u00e0 19:53 Dans le cadre de la lutte contre la propagation du Covid-19, Abdelaziz Djerad a annonc\u00e9,<\/p>\n","protected":false},"author":8,"featured_media":5148,"comment_status":"closed","ping_status":"closed","sticky":false,"template":"","format":"standard","meta":{"sfsi_plus_gutenberg_text_before_share":"","sfsi_plus_gutenberg_show_text_before_share":"","sfsi_plus_gutenberg_icon_type":"","sfsi_plus_gutenberg_icon_alignemt":"","sfsi_plus_gutenburg_max_per_row":""},"categories":[26],"tags":[],"_links":{"self":[{"href":"https:\/\/kabylietimes.com\/index.php\/wp-json\/wp\/v2\/posts\/5147"}],"collection":[{"href":"https:\/\/kabylietimes.com\/index.php\/wp-json\/wp\/v2\/posts"}],"about":[{"href":"https:\/\/kabylietimes.com\/index.php\/wp-json\/wp\/v2\/types\/post"}],"author":[{"embeddable":true,"href":"https:\/\/kabylietimes.com\/index.php\/wp-json\/wp\/v2\/users\/8"}],"replies":[{"embeddable":true,"href":"https:\/\/kabylietimes.com\/index.php\/wp-json\/wp\/v2\/comments?post=5147"}],"version-history":[{"count":1,"href":"https:\/\/kabylietimes.com\/index.php\/wp-json\/wp\/v2\/posts\/5147\/revisions"}],"predecessor-version":[{"id":5149,"href":"https:\/\/kabylietimes.com\/index.php\/wp-json\/wp\/v2\/posts\/5147\/revisions\/5149"}],"wp:featuredmedia":[{"embeddable":true,"href":"https:\/\/kabylietimes.com\/index.php\/wp-json\/wp\/v2\/media\/5148"}],"wp:attachment":[{"href":"https:\/\/kabylietimes.com\/index.php\/wp-json\/wp\/v2\/media?parent=5147"}],"wp:term":[{"taxonomy":"category","embeddable":true,"href":"https:\/\/kabylietimes.com\/index.php\/wp-json\/wp\/v2\/categories?post=5147"},{"taxonomy":"post_tag","embeddable":true,"href":"https:\/\/kabylietimes.com\/index.php\/wp-json\/wp\/v2\/tags?post=5147"}],"curies":[{"name":"wp","href":"https:\/\/api.w.org\/{rel}","templated":true}]}}