{"id":5099,"date":"2020-08-18T12:00:30","date_gmt":"2020-08-18T10:00:30","guid":{"rendered":"https:\/\/kabylietimes.com\/?p=5099"},"modified":"2020-08-18T12:32:07","modified_gmt":"2020-08-18T10:32:07","slug":"universite-la-reprise-des-cours-reportee","status":"publish","type":"post","link":"https:\/\/kabylietimes.com\/index.php\/2020\/08\/18\/universite-la-reprise-des-cours-reportee\/","title":{"rendered":"Universit\u00e9 : la reprise des cours report\u00e9e"},"content":{"rendered":"\n<p><\/p>\n\n\n\n<p>I.M   Le  18.08.2020 \u00e0 11:00<\/p>\n\n\n\n<p><\/p>\n\n\n\n<p>Dans  un courrier adress\u00e9, dimanche 16 aout 2020 , \u00e0 toutes les universit\u00e9s, le Minist\u00e8re de l\u2019Enseignement Sup\u00e9rieur et de la Recherche Scientifique (MERS) enjoint ces derni\u00e8res \u00e0 surseoir \u00e0 l\u2019instruction portant sur la reprise des cours le 23 ao\u00fbt, telle que d\u00e9cid\u00e9e initialement.<\/p>\n\n\n\n<p>Le minist\u00e9re  explique que toutes les dispositions et protocoles d\u00e9cid\u00e9es pour cette reprise ne seront appliqu\u00e9s qu\u2019apr\u00e8s \u00abappr\u00e9ciation et accord d&rsquo;Abdelmadjid Tebboune ou Abdelaziz Djerrad \u00bb.   <\/p>\n\n\n\n<p>Par ailleurs, Abdelbaki Benziane, a pr\u00e9cis\u00e9, lundi sur sa page Facebook  que \u00a0\u00bb les \u00e9tudiants en DEMS n\u2019\u00e9taient pas concern\u00e9s  par cette mesure et, de ce fait, pouvaient suivre leur programmes\u00a0\u00bb.<\/p>\n\n<div style=\"font-size: 0px; height: 0px; line-height: 0px; margin: 0; padding: 0; clear: both;\"><\/div>","protected":false},"excerpt":{"rendered":"<p>I.M Le 18.08.2020 \u00e0 11:00 Dans un courrier adress\u00e9, dimanche 16 aout 2020 , \u00e0 toutes les universit\u00e9s, le Minist\u00e8re<\/p>\n","protected":false},"author":8,"featured_media":5100,"comment_status":"closed","ping_status":"closed","sticky":false,"template":"","format":"standard","meta":{"sfsi_plus_gutenberg_text_before_share":"","sfsi_plus_gutenberg_show_text_before_share":"","sfsi_plus_gutenberg_icon_type":"","sfsi_plus_gutenberg_icon_alignemt":"","sfsi_plus_gutenburg_max_per_row":""},"categories":[26],"tags":[],"_links":{"self":[{"href":"https:\/\/kabylietimes.com\/index.php\/wp-json\/wp\/v2\/posts\/5099"}],"collection":[{"href":"https:\/\/kabylietimes.com\/index.php\/wp-json\/wp\/v2\/posts"}],"about":[{"href":"https:\/\/kabylietimes.com\/index.php\/wp-json\/wp\/v2\/types\/post"}],"author":[{"embeddable":true,"href":"https:\/\/kabylietimes.com\/index.php\/wp-json\/wp\/v2\/users\/8"}],"replies":[{"embeddable":true,"href":"https:\/\/kabylietimes.com\/index.php\/wp-json\/wp\/v2\/comments?post=5099"}],"version-history":[{"count":1,"href":"https:\/\/kabylietimes.com\/index.php\/wp-json\/wp\/v2\/posts\/5099\/revisions"}],"predecessor-version":[{"id":5101,"href":"https:\/\/kabylietimes.com\/index.php\/wp-json\/wp\/v2\/posts\/5099\/revisions\/5101"}],"wp:featuredmedia":[{"embeddable":true,"href":"https:\/\/kabylietimes.com\/index.php\/wp-json\/wp\/v2\/media\/5100"}],"wp:attachment":[{"href":"https:\/\/kabylietimes.com\/index.php\/wp-json\/wp\/v2\/media?parent=5099"}],"wp:term":[{"taxonomy":"category","embeddable":true,"href":"https:\/\/kabylietimes.com\/index.php\/wp-json\/wp\/v2\/categories?post=5099"},{"taxonomy":"post_tag","embeddable":true,"href":"https:\/\/kabylietimes.com\/index.php\/wp-json\/wp\/v2\/tags?post=5099"}],"curies":[{"name":"wp","href":"https:\/\/api.w.org\/{rel}","templated":true}]}}