{"id":5086,"date":"2020-08-16T21:27:39","date_gmt":"2020-08-16T19:27:39","guid":{"rendered":"https:\/\/kabylietimes.com\/?p=5086"},"modified":"2020-08-17T10:13:34","modified_gmt":"2020-08-17T08:13:34","slug":"universite-de-vgayet-le-snapap-denonce","status":"publish","type":"post","link":"https:\/\/kabylietimes.com\/index.php\/2020\/08\/16\/universite-de-vgayet-le-snapap-denonce\/","title":{"rendered":"Universit\u00e9 de Vgayet : Le SNAPAP d\u00e9nonce"},"content":{"rendered":"\n<p>I.M le 16.08.2020 \u00e0 20:24 <\/p>\n\n\n\n<p><\/p>\n\n\n\n<p>Alors que le monde entier &nbsp;et particuli\u00e8rement &nbsp;le pays retient son souffle quant \u00e0 &nbsp;la propagation &nbsp;du coronavirus, le syndicat <strong>SNAPAP<\/strong> de l\u2019universit\u00e9 de Vgayet ne cesse &nbsp;de d\u00e9noncer le protocole met en place par\u2019\u2019 l\u2019administration centrale\u2019\u2019.<\/p>\n\n\n\n<p>En effet, dans un communiqu\u00e9 publi\u00e9 sur sa\npage Facebook,&nbsp; le syndicat &nbsp;d\u00e9nonce la marginalisation des <strong>ATS<\/strong> (Travailleurs)\nde l\u2019universit\u00e9 &nbsp;tout en &nbsp;critiquant \u2019\u2019 l\u2019administration centrale\u2019\u2019 &nbsp;de ne pas mettre &nbsp;les moyens n\u00e9cessaires (Bavettes, gel hydro-alcoolique,\ngants..etc) &nbsp;notamment aux agents de s\u00e9curit\u00e9.<\/p>\n\n\n\n<p>&nbsp;\u2018\u2019 L\u2019administration\ncentrale a tout pr\u00e9vu pour les enseignants et les \u00e9tudiants &nbsp;&nbsp;mais\nrien, et absolument rien pour les ATS\u2019\u2019 <\/p>\n\n\n\n<p>Contact\u00e9, le SG de ce syndicat en l\u2019occurrence Mr <strong>MIHOUB Samir<\/strong> qui nous dira \u2019\u2019 C\u2019est une sorte de discrimination, le rectorat n\u2019a rien \u00a0pr\u00e9vu pour les ATS \u2018\u2019 et il ajoute\u00a0 \u2018\u2019 nous avons \u00a0mis en garde le nouveau recteur dans communiqu\u00e9 en date du 22 juin 2020 \u00e0 fin de prendre en charge \u2018\u2019les revendications des travailleurs de l\u2019universit\u00e9\u2019\u2019. <\/p>\n\n\n\n<p>Malgr\u00e9 les recommandations des professionnels de la sant\u00e9 quant aux\nrespects des r\u00e8gles de s\u00e9curit\u00e9 contre le &nbsp;Covid 19, les travailleurs de l\u2019universit\u00e9\nsont surpris aujourd\u2019hui dimanche 16 Aout, &nbsp;date de la reprise du travail, &nbsp;par \u2018\u2019l\u2019absence d\u2019un protocole\u2019\u2019 &nbsp;&nbsp;qui\nvise \u00e0 mettre en place des mesures de pr\u00e9caution &nbsp;pour lutter contre la propagation du virus.<\/p>\n\n\n\n<p>Pis encore, \u2018\u2019 Un agent de s\u00e9curit\u00e9 nous a avou\u00e9 que \u2018\u2019depuis le d\u00e9but du\nconfinement, l&rsquo;administration n&rsquo;a rien fait pour eux ni Bavettes, ni gel, ni\neau de javel, ni tenu de protection et personne n\u2019a cherch\u00e9 apr\u00e8s nous comment\non travaille\u2019\u2019, ajoutent les r\u00e9dacteurs du communiqu\u00e9 <\/p>\n\n\n\n<p>Pourtant , L\u2019employeur est\nresponsable de la sant\u00e9 et de la s\u00e9curit\u00e9 de ses salari\u00e9s au travail\nconform\u00e9ment \u00e0 la l\u00e9gislation\net \u00e0 la r\u00e9glementation en vigueur. En vertu de la loi relative au code du Travail, l\u2019employeur est tenu de prendre\ntoutes les mesures n\u00e9cessaires afin de pr\u00e9server la s\u00e9curit\u00e9, la sant\u00e9 et la dignit\u00e9 des salari\u00e9s dans\nl&rsquo;accomplissement des t\u00e2ches qu&rsquo;ils ex\u00e9cutent sous sa direction.<\/p>\n\n<div style=\"font-size: 0px; height: 0px; line-height: 0px; margin: 0; padding: 0; clear: both;\"><\/div>","protected":false},"excerpt":{"rendered":"<p>I.M le 16.08.2020 \u00e0 20:24 Alors que le monde entier &nbsp;et particuli\u00e8rement &nbsp;le pays retient son souffle quant \u00e0 &nbsp;la<\/p>\n","protected":false},"author":8,"featured_media":4789,"comment_status":"open","ping_status":"open","sticky":false,"template":"","format":"standard","meta":{"sfsi_plus_gutenberg_text_before_share":"","sfsi_plus_gutenberg_show_text_before_share":"","sfsi_plus_gutenberg_icon_type":"","sfsi_plus_gutenberg_icon_alignemt":"","sfsi_plus_gutenburg_max_per_row":""},"categories":[26,17],"tags":[],"_links":{"self":[{"href":"https:\/\/kabylietimes.com\/index.php\/wp-json\/wp\/v2\/posts\/5086"}],"collection":[{"href":"https:\/\/kabylietimes.com\/index.php\/wp-json\/wp\/v2\/posts"}],"about":[{"href":"https:\/\/kabylietimes.com\/index.php\/wp-json\/wp\/v2\/types\/post"}],"author":[{"embeddable":true,"href":"https:\/\/kabylietimes.com\/index.php\/wp-json\/wp\/v2\/users\/8"}],"replies":[{"embeddable":true,"href":"https:\/\/kabylietimes.com\/index.php\/wp-json\/wp\/v2\/comments?post=5086"}],"version-history":[{"count":2,"href":"https:\/\/kabylietimes.com\/index.php\/wp-json\/wp\/v2\/posts\/5086\/revisions"}],"predecessor-version":[{"id":5089,"href":"https:\/\/kabylietimes.com\/index.php\/wp-json\/wp\/v2\/posts\/5086\/revisions\/5089"}],"wp:featuredmedia":[{"embeddable":true,"href":"https:\/\/kabylietimes.com\/index.php\/wp-json\/wp\/v2\/media\/4789"}],"wp:attachment":[{"href":"https:\/\/kabylietimes.com\/index.php\/wp-json\/wp\/v2\/media?parent=5086"}],"wp:term":[{"taxonomy":"category","embeddable":true,"href":"https:\/\/kabylietimes.com\/index.php\/wp-json\/wp\/v2\/categories?post=5086"},{"taxonomy":"post_tag","embeddable":true,"href":"https:\/\/kabylietimes.com\/index.php\/wp-json\/wp\/v2\/tags?post=5086"}],"curies":[{"name":"wp","href":"https:\/\/api.w.org\/{rel}","templated":true}]}}