{"id":5081,"date":"2020-08-12T16:51:57","date_gmt":"2020-08-12T14:51:57","guid":{"rendered":"https:\/\/kabylietimes.com\/?p=5081"},"modified":"2020-08-12T16:52:04","modified_gmt":"2020-08-12T14:52:04","slug":"khaled-drareni-condamne-a-trois-ans-de-prison-ferme","status":"publish","type":"post","link":"https:\/\/kabylietimes.com\/index.php\/2020\/08\/12\/khaled-drareni-condamne-a-trois-ans-de-prison-ferme\/","title":{"rendered":"Khaled  Drareni  condamn\u00e9 \u00e0 trois ans de prison ferme"},"content":{"rendered":"\n<p><\/p>\n\n\n\n<p>I.M Le 12.08.2020 \u00e0 15:50<\/p>\n\n\n\n<p>En d\u00e9tention provisoire depuis mars dernier, le journaliste Khaled Drareni \u00a0a \u00e9t\u00e9 condamn\u00e9 lundi 10 ao\u00fbt 2020\u00a0 \u00e0 trois ans de prison ferme.<\/p>\n\n\n\n<p>\u2018\u2019 On est surpris et choqu\u00e9 ,malgr\u00e9 que son dossier est vide\u2019\u2019 a d\u00e9clar\u00e9 Me Noureddine Benissad, avocat du collectif de d\u00e9fense du journaliste .<\/p>\n\n\n\n<p>Ag\u00e9 de 40 ans, Khaled \u00a0Drareni \u00a0est directeur de publication du site Casbah Tribune\u00a0, comme il \u00a0est \u00e9galement correspondant de plusieurs chaine \u00e9trang\u00e8re, notamment TV5 monde .<\/p>\n\n<div style=\"font-size: 0px; height: 0px; line-height: 0px; margin: 0; padding: 0; clear: both;\"><\/div>","protected":false},"excerpt":{"rendered":"<p>I.M Le 12.08.2020 \u00e0 15:50 En d\u00e9tention provisoire depuis mars dernier, le journaliste Khaled Drareni \u00a0a \u00e9t\u00e9 condamn\u00e9 lundi 10<\/p>\n","protected":false},"author":8,"featured_media":5055,"comment_status":"open","ping_status":"open","sticky":false,"template":"","format":"standard","meta":{"sfsi_plus_gutenberg_text_before_share":"","sfsi_plus_gutenberg_show_text_before_share":"","sfsi_plus_gutenberg_icon_type":"","sfsi_plus_gutenberg_icon_alignemt":"","sfsi_plus_gutenburg_max_per_row":""},"categories":[26],"tags":[],"_links":{"self":[{"href":"https:\/\/kabylietimes.com\/index.php\/wp-json\/wp\/v2\/posts\/5081"}],"collection":[{"href":"https:\/\/kabylietimes.com\/index.php\/wp-json\/wp\/v2\/posts"}],"about":[{"href":"https:\/\/kabylietimes.com\/index.php\/wp-json\/wp\/v2\/types\/post"}],"author":[{"embeddable":true,"href":"https:\/\/kabylietimes.com\/index.php\/wp-json\/wp\/v2\/users\/8"}],"replies":[{"embeddable":true,"href":"https:\/\/kabylietimes.com\/index.php\/wp-json\/wp\/v2\/comments?post=5081"}],"version-history":[{"count":1,"href":"https:\/\/kabylietimes.com\/index.php\/wp-json\/wp\/v2\/posts\/5081\/revisions"}],"predecessor-version":[{"id":5084,"href":"https:\/\/kabylietimes.com\/index.php\/wp-json\/wp\/v2\/posts\/5081\/revisions\/5084"}],"wp:featuredmedia":[{"embeddable":true,"href":"https:\/\/kabylietimes.com\/index.php\/wp-json\/wp\/v2\/media\/5055"}],"wp:attachment":[{"href":"https:\/\/kabylietimes.com\/index.php\/wp-json\/wp\/v2\/media?parent=5081"}],"wp:term":[{"taxonomy":"category","embeddable":true,"href":"https:\/\/kabylietimes.com\/index.php\/wp-json\/wp\/v2\/categories?post=5081"},{"taxonomy":"post_tag","embeddable":true,"href":"https:\/\/kabylietimes.com\/index.php\/wp-json\/wp\/v2\/tags?post=5081"}],"curies":[{"name":"wp","href":"https:\/\/api.w.org\/{rel}","templated":true}]}}