{"id":5074,"date":"2020-08-09T17:17:44","date_gmt":"2020-08-09T15:17:44","guid":{"rendered":"https:\/\/kabylietimes.com\/?p=5074"},"modified":"2020-08-09T17:17:50","modified_gmt":"2020-08-09T15:17:50","slug":"aksel","status":"publish","type":"post","link":"https:\/\/kabylietimes.com\/index.php\/2020\/08\/09\/aksel\/","title":{"rendered":"AKSEL"},"content":{"rendered":"\n<p> LE G\u00c9N\u00c9RAL AMAZIGH QUI A TU\u00c9 OQBA IBN NAFI, LE PREMIER DAECHIEN D\u2019AFRIQUE DU NORD.<br><\/p>\n\n\n\n<p><\/p>\n\n\n\n<p>C\u2019\u00e9tait, il y\u2019a 14 si\u00e8cles, Aksel, s\u2019opposait\nradicalement \u00e0 la conqu\u00eate des arabes pour l\u2019Afrique du Nord amazighe. Il est\nd\u00e9crit comme le chef de la puissante tribu des Aourabas des Aur\u00e8s en Alg\u00e9rie.<br>\n\u00c0 la suite de la d\u00e9faite \u00e0 la bataille d\u2019Al Alurit, aux\nsources de Tlemcen, Aksel s\u2019est converti \u00e0 l\u2019islam ( 675 ). Il aurait r\u00e9ussi \u00e0\ngagner la confiance du chef musulman Ab\u00fb al Muhadj\u00eer Din\u00e2r et serait devenu\nm\u00eame l\u2019un de ses proches collaborateurs.<br>\nEn 681, Oqba Ibn Nafi, ce conqu\u00e9rant arabe daechien de\nl\u2019Afrique du Nord, rappel\u00e9 quelques ann\u00e9es plus t\u00f4t en Orient, revint en\nAfrique du Nord. Il se serait veng\u00e9 de son successeur Ab\u00fb Din\u00e2r et aurait\ntrait\u00e9 avec duret\u00e9 Aksel. Il l\u2019aurait fait couvrir de cha\u00eenes et l\u2019aurait\ntra\u00een\u00e9 comme un troph\u00e9e vivant tout au long de sa chevauch\u00e9e \u00e0 travers Tamaz\u0263a\n( le Maghreb ).<br>\n\u00ab Parmi les traits insultants qu\u2019il se serait permis envers\nlui, on raconte le r\u00e9cit suivant : il venait de recevoir des moutons et,\nvoulant en faire \u00e9gorger un, il ordonna \u00e0 Aksel de l\u2019\u00e9corcher \u00bb<br>\nAksel se retira avec col\u00e8re et ayant \u00e9gorg\u00e9 le mouton, il\nessuya sa main encore sanglante sur sa barbe.<br>\nQuelques Arabes s\u2019approch\u00e8rent alors et lui dirent : \u00ab Que\nfais-tu Amazigh ? \u00bb<br>\n\u00c0 quoi il r\u00e9pondit: \u00ab Cela est bon pour les poils \u00bb<br>\nMais un vieillard d\u2019entre les Arabes passa et s\u2019\u00e9cria : \u00ab\nCe n\u2019est pas la raison, c\u2019est une menace que cet Amazigh vous lance ! \u00bb<br>\nAlors, Abu Muhadjir Dinar s\u2019adressa \u00e0 Uqba et lui dit : \u00ab\nQue viens-tu de faire ! Voil\u00e0 un homme des plus distingu\u00e9s parmi son peuple, un\nhomme qui \u00e9tait encore polyth\u00e9iste il y a peu de temps et tu prends \u00e0 t\u00e2che de\nfaire na\u00eetre la rancune dans son c\u0153ur ! Je te conseille maintenant de lui faire\nlier les mains derri\u00e8re le dos, autrement tu seras victime de sa perfidie \u00bb\nD\u2019apr\u00e8s Al-Nowa\u00efri.<br>\nAksel aurait r\u00e9ussi, en effet, \u00e0 s\u2019enfuir et \u00e0 rejoindre\nses hommes. Il aurait abjur\u00e9 l\u2019islam et, s\u2019alliant aux Byzantins, il aurait\nrepris, \u00e0 la t\u00eate d\u2019une importante arm\u00e9e, la guerre contre les arabes.<br>\nIl aurait surpris Uqba pr\u00e8s de Tehuda, non loin de Biskra\net, apr\u00e8s une terrible bataille, il l\u2019aurait tu\u00e9 ainsi que la plupart de ses\nhommes (683).<br>\nSuite \u00e0 sa marche et \u00e0 sa prise de Kairouan, la place\nforte des daechiens de l\u2019\u00e9poque, il aurait berb\u00e9ris\u00e9 son nom en \u00ab Taqirwant \u00bb\net fit de Kairouan sa capitale. Il se fit couronner et aurait r\u00e9gn\u00e9 pendant\ntrois ans, de ( 683 \u00e0 686 ), c\u2019est-\u00e0-dire jusqu\u2019\u00e0 sa mort, \u00e0 la bataille de\nMems, pr\u00e8s de Kairouan. Son autorit\u00e9 aurait \u00e9t\u00e9 reconnue selon l\u2019avis m\u00eame de\ncertains auteurs arabes, il aurait trait\u00e9 avec justice ses sujets Amazighs et\narabes et aurait laiss\u00e9 ces derniers pratiquer librement leur religion.<br>\nQuelques ann\u00e9es plus tard, la r\u00e9gion s\u2019enflamme de\nnouveau, avec cette fois-ci, une femme \u00e0 la t\u00eate de la r\u00e9sistance, \u00ab Dihya \u00bb la\nKahina. Selon Ibn Khaldoun, Dihya, a veng\u00e9 la mort d\u2019Aksel en ordonnant de tuer\ntous les daechiens arabes de son royaume.<br>\n<br>\nAujourd\u2019hui, l\u2019Histoire se r\u00e9p\u00e8te, et il n\u2019y a que les\namazighs qui peuvent \u00e9radiquer le daechisme en Afrique du Nord.<\/p>\n\n\n\n<p>Source: Page FB  <a href=\"https:\/\/www.facebook.com\/Un-%C5%93il-sur-la-Kabylie-%E2%B5%A3-1681252482112949\/?__cft__%5b0%5d=AZWPjAUuGIjg4P08RBNZBtYeExGRoN-rdrOdgkNhS_CrkoFsFDn3tiusBwxFRRjZP5AOVWN3JaP5SjGB0WacYUrS-AcBpep25Li6wzq17OxsvSNv8tp5zVCY-NpydhuiNERX3dSTHeXuVzENaSRc08H1x5MQsm5vJO2Yeu0q5NHWq4keBDkXPrYrla_fef5JX9G8XR1Klp5AQJv9VP7uEDoe&amp;__tn__=-UC*F\">Un \u0153il sur la Kabylie \u2d63<\/a><br><\/p>\n\n\n\n<p><\/p>\n\n<div style=\"font-size: 0px; height: 0px; line-height: 0px; margin: 0; padding: 0; clear: both;\"><\/div>","protected":false},"excerpt":{"rendered":"<p>LE G\u00c9N\u00c9RAL AMAZIGH QUI A TU\u00c9 OQBA IBN NAFI, LE PREMIER DAECHIEN D\u2019AFRIQUE DU NORD. C\u2019\u00e9tait, il y\u2019a 14 si\u00e8cles,<\/p>\n","protected":false},"author":8,"featured_media":5076,"comment_status":"open","ping_status":"open","sticky":false,"template":"","format":"standard","meta":{"sfsi_plus_gutenberg_text_before_share":"","sfsi_plus_gutenberg_show_text_before_share":"","sfsi_plus_gutenberg_icon_type":"","sfsi_plus_gutenberg_icon_alignemt":"","sfsi_plus_gutenburg_max_per_row":""},"categories":[1,805],"tags":[],"_links":{"self":[{"href":"https:\/\/kabylietimes.com\/index.php\/wp-json\/wp\/v2\/posts\/5074"}],"collection":[{"href":"https:\/\/kabylietimes.com\/index.php\/wp-json\/wp\/v2\/posts"}],"about":[{"href":"https:\/\/kabylietimes.com\/index.php\/wp-json\/wp\/v2\/types\/post"}],"author":[{"embeddable":true,"href":"https:\/\/kabylietimes.com\/index.php\/wp-json\/wp\/v2\/users\/8"}],"replies":[{"embeddable":true,"href":"https:\/\/kabylietimes.com\/index.php\/wp-json\/wp\/v2\/comments?post=5074"}],"version-history":[{"count":1,"href":"https:\/\/kabylietimes.com\/index.php\/wp-json\/wp\/v2\/posts\/5074\/revisions"}],"predecessor-version":[{"id":5075,"href":"https:\/\/kabylietimes.com\/index.php\/wp-json\/wp\/v2\/posts\/5074\/revisions\/5075"}],"wp:featuredmedia":[{"embeddable":true,"href":"https:\/\/kabylietimes.com\/index.php\/wp-json\/wp\/v2\/media\/5076"}],"wp:attachment":[{"href":"https:\/\/kabylietimes.com\/index.php\/wp-json\/wp\/v2\/media?parent=5074"}],"wp:term":[{"taxonomy":"category","embeddable":true,"href":"https:\/\/kabylietimes.com\/index.php\/wp-json\/wp\/v2\/categories?post=5074"},{"taxonomy":"post_tag","embeddable":true,"href":"https:\/\/kabylietimes.com\/index.php\/wp-json\/wp\/v2\/tags?post=5074"}],"curies":[{"name":"wp","href":"https:\/\/api.w.org\/{rel}","templated":true}]}}