{"id":4718,"date":"2019-11-18T13:59:43","date_gmt":"2019-11-18T12:59:43","guid":{"rendered":"https:\/\/kabylietimes.com\/?p=4718"},"modified":"2019-11-18T14:17:21","modified_gmt":"2019-11-18T13:17:21","slug":"belmadi-decline-loffre-de-benzema","status":"publish","type":"post","link":"https:\/\/kabylietimes.com\/index.php\/2019\/11\/18\/belmadi-decline-loffre-de-benzema\/","title":{"rendered":"Belmadi d\u00e9cline  l\u2019offre de Benzema ?"},"content":{"rendered":"<p>Le sectionneur Alg\u00e9rien de Football, Djamel Belmadi a r\u00e9agit \u00e0 aux propos \u00a0de Benzema qui souhaite jouer et porter le maillot de l\u2019\u00e9quipe Alg\u00e9rienne, lors de la conf\u00e9rence de presse organis\u00e9e \u00e0 la veille du Match Botswana-Alg\u00e9rie, comptant pour les \u00e9liminatoires de la CAN 2021.<\/p>\n<p>Il semble que Belmadi \u2018\u2019d\u00e9cline \u2018\u2019 l\u2019offre de Benzema, interrog\u00e9 par les journalistes dans la m\u00eame conf\u00e9rence, le s\u00e9lectionneur des verts il \u2018\u2019s&rsquo;est dit satisfait de son effectif actuel, \u00a0J&rsquo;ai Bounedjah, Islam\u00a0(Slimani), Delort, Soudani. Je suis tr\u00e8s content des joueurs que j&rsquo;ai.\u00a0\u00bb.<\/p>\n<p>Un \u00a0message \u00e0 peine voil\u00e9, estiment les sp\u00e9cialistes du football, cette d\u00e9claration a fait r\u00e9agir beaucoup d\u2019internautes, et elle a fait le tour des r\u00e9seaux sociaux, notamment.<\/p>\n<p>Dans un Tweet \u00a0adress\u00e9 au pr\u00e9sident de la <strong>F<\/strong>\u00e9d\u00e9ration Fran\u00e7aise de Football, No\u00ebl Le Gra\u00ebt\u00a0 <a href=\"http:\/\/sport24.lefigaro.fr\/football\/equipe-de-france\/cette-fois-c-est-clair-l-aventure-est-terminee-pour-benzema-en-bleu-selon-le-graet-982023\">qui avait d\u00e9clar\u00e9 que \u2018\u2019 l\u2019avenir de Benzema \u00e9tait bouch\u00e9 en \u00e9quipe de France<\/a>, Karim Benzema avait \u00e9voqu\u00e9 la possibilit\u00e9 d\u2019\u00e9voluer pour un pays o\u00f9 il serait \u00ab\u00e9ligible\u00bb sans donner plus de pr\u00e9cisions.<\/p>\n<p>&nbsp;<\/p>\n<p><strong>Yuva .A<\/strong><\/p>\n<p>&nbsp;<\/p>\n<p>&nbsp;<\/p>\n\n<div style=\"font-size: 0px; height: 0px; line-height: 0px; margin: 0; padding: 0; clear: both;\"><\/div>","protected":false},"excerpt":{"rendered":"<p>Le sectionneur Alg\u00e9rien de Football, Djamel Belmadi a r\u00e9agit \u00e0 aux propos \u00a0de Benzema qui souhaite jouer et porter le<\/p>\n","protected":false},"author":8,"featured_media":4719,"comment_status":"closed","ping_status":"closed","sticky":false,"template":"","format":"standard","meta":{"sfsi_plus_gutenberg_text_before_share":"","sfsi_plus_gutenberg_show_text_before_share":"","sfsi_plus_gutenberg_icon_type":"","sfsi_plus_gutenberg_icon_alignemt":"","sfsi_plus_gutenburg_max_per_row":""},"categories":[448,20],"tags":[],"_links":{"self":[{"href":"https:\/\/kabylietimes.com\/index.php\/wp-json\/wp\/v2\/posts\/4718"}],"collection":[{"href":"https:\/\/kabylietimes.com\/index.php\/wp-json\/wp\/v2\/posts"}],"about":[{"href":"https:\/\/kabylietimes.com\/index.php\/wp-json\/wp\/v2\/types\/post"}],"author":[{"embeddable":true,"href":"https:\/\/kabylietimes.com\/index.php\/wp-json\/wp\/v2\/users\/8"}],"replies":[{"embeddable":true,"href":"https:\/\/kabylietimes.com\/index.php\/wp-json\/wp\/v2\/comments?post=4718"}],"version-history":[{"count":2,"href":"https:\/\/kabylietimes.com\/index.php\/wp-json\/wp\/v2\/posts\/4718\/revisions"}],"predecessor-version":[{"id":4721,"href":"https:\/\/kabylietimes.com\/index.php\/wp-json\/wp\/v2\/posts\/4718\/revisions\/4721"}],"wp:featuredmedia":[{"embeddable":true,"href":"https:\/\/kabylietimes.com\/index.php\/wp-json\/wp\/v2\/media\/4719"}],"wp:attachment":[{"href":"https:\/\/kabylietimes.com\/index.php\/wp-json\/wp\/v2\/media?parent=4718"}],"wp:term":[{"taxonomy":"category","embeddable":true,"href":"https:\/\/kabylietimes.com\/index.php\/wp-json\/wp\/v2\/categories?post=4718"},{"taxonomy":"post_tag","embeddable":true,"href":"https:\/\/kabylietimes.com\/index.php\/wp-json\/wp\/v2\/tags?post=4718"}],"curies":[{"name":"wp","href":"https:\/\/api.w.org\/{rel}","templated":true}]}}