{"id":4689,"date":"2019-11-07T12:49:22","date_gmt":"2019-11-07T11:49:22","guid":{"rendered":"https:\/\/kabylietimes.com\/?p=4689"},"modified":"2019-11-07T12:49:22","modified_gmt":"2019-11-07T11:49:22","slug":"said-bouteflika-atteint-dun-debut-de-demence","status":"publish","type":"post","link":"https:\/\/kabylietimes.com\/index.php\/2019\/11\/07\/said-bouteflika-atteint-dun-debut-de-demence\/","title":{"rendered":"Said Bouteflika Atteint D\u2019un D\u00e9but De D\u00e9mence"},"content":{"rendered":"<h1>Il Refuse De Prendre Les M\u00e9dicaments Et Refuse De Se Nourrir<\/h1>\n<p style=\"background: white; margin: 0cm 0cm 13.0pt 0cm;\"><span style=\"font-size: 13.0pt; font-family: 'Open Sans','serif'; color: #353535;\">Selon des comptes rendus de plusieurs titres de presse, Said Bouteflika, fr\u00e8re du pr\u00e9sident d\u00e9chu, d\u00e9tenu \u00e0 la prison de Blida depuis le 4 mai atteint d\u2019un d\u00e9but de d\u00e9mence. L\u2019ancien conseiller \u00e0 la pr\u00e9sidence refuse de prendre les m\u00e9dicaments propos\u00e9s par l\u2019infirmerie de la prison et boycotterait m\u00eame les repas de peur d\u2019\u00eatre empoisonn\u00e9.<\/span><\/p>\n<p style=\"margin: 0cm; margin-bottom: .0001pt; background: white; box-sizing: border-box; -webkit-font-smoothing: antialiased; font-variant-ligatures: normal; font-variant-caps: normal; orphans: 2; text-align: start; widows: 2; -webkit-text-stroke-width: 0px; text-decoration-style: initial; text-decoration-color: initial; word-spacing: 0px;\"><span style=\"font-size: 13.0pt; font-family: 'Open Sans','serif'; color: #353535;\">Sa sant\u00e9 mentale se d\u00e9grade de jour en jour. Condamn\u00e9 le 25 septembre dernier \u00e0 15 ans de prison par le tribunal militaire de Blida, pour \u00ab<i style=\"box-sizing: border-box;\">atteinte \u00e0<\/i>\u00a0<i style=\"box-sizing: border-box;\">l\u2019autorit\u00e9 de l\u2019arm\u00e9e<\/i>\u00bb et \u00ab<i style=\"box-sizing: border-box;\">complot contre l\u2019autorit\u00e9 de l\u2019Etat\u00bb,<\/i>\u00a0l\u2019ex principal d\u00e9cideur du clan Bouteflika vit tr\u00e8s mal son emprisonnement et affiche une faiblesse psychologique proche de la d\u00e9mence.<\/span><\/p>\n<p>Source : <a href=\"https:\/\/www.express-dz.com\/2019\/11\/06\/il-refuse-prendre-les-medicaments-et-refuse-de-se-nourrir-said-bouteflika-atteint-dun-debut-de-demence\/\" target=\"_blank\" rel=\"noopener\">ICI\u00a0<\/a><\/p>\n\n<div style=\"font-size: 0px; height: 0px; line-height: 0px; margin: 0; padding: 0; clear: both;\"><\/div>","protected":false},"excerpt":{"rendered":"<p>Il Refuse De Prendre Les M\u00e9dicaments Et Refuse De Se Nourrir Selon des comptes rendus de plusieurs titres de presse,<\/p>\n","protected":false},"author":8,"featured_media":4690,"comment_status":"closed","ping_status":"closed","sticky":false,"template":"","format":"standard","meta":{"sfsi_plus_gutenberg_text_before_share":"","sfsi_plus_gutenberg_show_text_before_share":"","sfsi_plus_gutenberg_icon_type":"","sfsi_plus_gutenberg_icon_alignemt":"","sfsi_plus_gutenburg_max_per_row":""},"categories":[26,448],"tags":[],"_links":{"self":[{"href":"https:\/\/kabylietimes.com\/index.php\/wp-json\/wp\/v2\/posts\/4689"}],"collection":[{"href":"https:\/\/kabylietimes.com\/index.php\/wp-json\/wp\/v2\/posts"}],"about":[{"href":"https:\/\/kabylietimes.com\/index.php\/wp-json\/wp\/v2\/types\/post"}],"author":[{"embeddable":true,"href":"https:\/\/kabylietimes.com\/index.php\/wp-json\/wp\/v2\/users\/8"}],"replies":[{"embeddable":true,"href":"https:\/\/kabylietimes.com\/index.php\/wp-json\/wp\/v2\/comments?post=4689"}],"version-history":[{"count":1,"href":"https:\/\/kabylietimes.com\/index.php\/wp-json\/wp\/v2\/posts\/4689\/revisions"}],"predecessor-version":[{"id":4691,"href":"https:\/\/kabylietimes.com\/index.php\/wp-json\/wp\/v2\/posts\/4689\/revisions\/4691"}],"wp:featuredmedia":[{"embeddable":true,"href":"https:\/\/kabylietimes.com\/index.php\/wp-json\/wp\/v2\/media\/4690"}],"wp:attachment":[{"href":"https:\/\/kabylietimes.com\/index.php\/wp-json\/wp\/v2\/media?parent=4689"}],"wp:term":[{"taxonomy":"category","embeddable":true,"href":"https:\/\/kabylietimes.com\/index.php\/wp-json\/wp\/v2\/categories?post=4689"},{"taxonomy":"post_tag","embeddable":true,"href":"https:\/\/kabylietimes.com\/index.php\/wp-json\/wp\/v2\/tags?post=4689"}],"curies":[{"name":"wp","href":"https:\/\/api.w.org\/{rel}","templated":true}]}}