{"id":4677,"date":"2019-11-04T14:32:51","date_gmt":"2019-11-04T13:32:51","guid":{"rendered":"https:\/\/kabylietimes.com\/?p=4677"},"modified":"2019-11-04T14:32:51","modified_gmt":"2019-11-04T13:32:51","slug":"les-magistrats-accuses-de-rebellion","status":"publish","type":"post","link":"https:\/\/kabylietimes.com\/index.php\/2019\/11\/04\/les-magistrats-accuses-de-rebellion\/","title":{"rendered":"Les magistrats accus\u00e9s de r\u00e9bellion"},"content":{"rendered":"<p>Le minist\u00e8re de la Justice enfonce le clou et accuse les magistrats gr\u00e9vistes d&rsquo;entrer en r\u00e9bellion. C&rsquo;est, en effet, une accusation lourde qu&rsquo;a lanc\u00e9e, hier, le directeur g\u00e9n\u00e9ral des Affaires judiciaires et juridiques,<\/p>\n<p>M. Abdelhafid Djerir sur les ondes de la radio Cha\u00eene 3.<\/p>\n<p>Invit\u00e9 de l&rsquo;\u00e9mission \u00abl&rsquo;invit\u00e9 de la r\u00e9daction\u00bb, le repr\u00e9sentant du minist\u00e8re de la Justice n&rsquo;a pas \u00e9t\u00e9 tendre et a critiqu\u00e9 s\u00e9v\u00e8rement le mouvement de contestation des magistrats lanc\u00e9 le 28 octobre dernier. \u00abNous sommes, dit-il, dans la r\u00e9bellion, dans la d\u00e9sob\u00e9issance\u00bb, ajoutant ne pas comprendre que des juges \u00abgarants du respect des lois de la R\u00e9publique agissent de la sorte \u00bb.<\/p>\n<p>Abdelhafid Djerir affirme que les revendications du SNM ne sont pas pr\u00e9cises, ajoutant que lors des discussions avec le Syndicat de la magistrature, autant les aspects salariaux, les conditions de travail que les \u00ab questions qui f\u00e2chent \u00bb, avaient \u00e9t\u00e9 \u00e9voqu\u00e9es pourtant.<\/p>\n<p>Le repr\u00e9sentant du minist\u00e8re de la Justice ira encore loin en r\u00e9v\u00e9lant ce qu&rsquo;il qualifie de \u00ab secret professionnel \u00bb. En effet il a soulign\u00e9 que les magistrats veulent tous exercer dans le nord du pays. \u00ab Beaucoup de magistrats ayant formul\u00e9 une demande voulaient \u00eatre mut\u00e9s dans des villes du nord du pays \u00bb, a d\u00e9clar\u00e9 Abdelhafid Djerir qui a tenu \u00e0 rappeler qu&rsquo;il est d&rsquo;usage que le minist\u00e8re op\u00e8re un mouvement ordinaire des juges, en signalant au passage que durant l&rsquo;ann\u00e9e en cours, ce dernier a re\u00e7u 1.297 demandes de mutation. L&rsquo;invit\u00e9 de la Chaine 3 a annonc\u00e9, toutefois, que les portes du dialogue \u00ab restent ouvertes \u00bb, en pr\u00e9cisant que la chancellerie est pr\u00eate \u00e0 examiner tous les recours formul\u00e9s par les magistrats s&rsquo;estimant l\u00e9s\u00e9s.<\/p>\n<p>Il d\u00e9clare, en outre, comprendre \u00ab la d\u00e9tresse \u00bb dans laquelle ont \u00e9t\u00e9 plac\u00e9s les magistrats, tout comme la justesse de leurs revendications socioprofessionnelles. En \u00ab commun accord \u00bb, poursuit-il, des solutions seront trouv\u00e9es entre eux et le minist\u00e8re.<\/p>\n<p>En d\u00e9pit de ces assurances, minist\u00e8re de la justice et magistrats semblent croiser le fer. Les deux parties qui n&rsquo;ont pas ferm\u00e9 les portes du dialogue campent, cependant, sur leurs positions initiales. La d\u00e9claration du repr\u00e9sentant du minist\u00e8re de la Justice intervient au lendemain de la lev\u00e9e de bouclier du Syndicat national des magistrats (SNM) qui a clairement menac\u00e9 de provoquer une temp\u00eate dans le cas o\u00f9 la tutelle prendrait des mesures contre les gr\u00e9vistes.<\/p>\n<p>\u00abEn l&rsquo;absence d&rsquo;une solution \u00e0 la crise, le mouvement de protestation se poursuivra avec la m\u00eame cadence, tout en veillant \u00e0 plus de discipline afin d&rsquo;\u00e9viter tout d\u00e9rapage potentiel, en faisant face aux mesures d&rsquo;improvisation prises par le minist\u00e8re \u00bb, a annonc\u00e9 dans un communiqu\u00e9 le Syndicat qui souligne, toutefois, que le SNM saluera toute initiative susceptible d&rsquo;aider \u00e0 r\u00e9soudre la crise et dans les meilleurs d\u00e9lais. Les magistrats soutiennent que leurs revendications n&rsquo;ont aucun caract\u00e8re personnel ou corporatiste. \u00abLes magistrats ne sont pas une bande ni les r\u00e9sidus de la bande. Ils veulent l&rsquo;instauration d&rsquo;une justice ind\u00e9pendante\u00bb, note le communiqu\u00e9 du SNM qui s&rsquo;interroge, par ailleurs, sur le \u00ab silence bizarre et incompr\u00e9hensif \u00bb des institutions de l&rsquo;Etat et de l&rsquo;opinion publique.<\/p>\n<p>Source: <a href=\"http:\/\/www.lequotidien-oran.com\/index.php?news=5283100\" target=\"_blank\" rel=\"noopener\">ICI<\/a><\/p>\n\n<div style=\"font-size: 0px; height: 0px; line-height: 0px; margin: 0; padding: 0; clear: both;\"><\/div>","protected":false},"excerpt":{"rendered":"<p>Le minist\u00e8re de la Justice enfonce le clou et accuse les magistrats gr\u00e9vistes d&rsquo;entrer en r\u00e9bellion. C&rsquo;est, en effet, une<\/p>\n","protected":false},"author":8,"featured_media":4678,"comment_status":"closed","ping_status":"closed","sticky":false,"template":"","format":"standard","meta":{"sfsi_plus_gutenberg_text_before_share":"","sfsi_plus_gutenberg_show_text_before_share":"","sfsi_plus_gutenberg_icon_type":"","sfsi_plus_gutenberg_icon_alignemt":"","sfsi_plus_gutenburg_max_per_row":""},"categories":[26,448],"tags":[],"_links":{"self":[{"href":"https:\/\/kabylietimes.com\/index.php\/wp-json\/wp\/v2\/posts\/4677"}],"collection":[{"href":"https:\/\/kabylietimes.com\/index.php\/wp-json\/wp\/v2\/posts"}],"about":[{"href":"https:\/\/kabylietimes.com\/index.php\/wp-json\/wp\/v2\/types\/post"}],"author":[{"embeddable":true,"href":"https:\/\/kabylietimes.com\/index.php\/wp-json\/wp\/v2\/users\/8"}],"replies":[{"embeddable":true,"href":"https:\/\/kabylietimes.com\/index.php\/wp-json\/wp\/v2\/comments?post=4677"}],"version-history":[{"count":1,"href":"https:\/\/kabylietimes.com\/index.php\/wp-json\/wp\/v2\/posts\/4677\/revisions"}],"predecessor-version":[{"id":4679,"href":"https:\/\/kabylietimes.com\/index.php\/wp-json\/wp\/v2\/posts\/4677\/revisions\/4679"}],"wp:featuredmedia":[{"embeddable":true,"href":"https:\/\/kabylietimes.com\/index.php\/wp-json\/wp\/v2\/media\/4678"}],"wp:attachment":[{"href":"https:\/\/kabylietimes.com\/index.php\/wp-json\/wp\/v2\/media?parent=4677"}],"wp:term":[{"taxonomy":"category","embeddable":true,"href":"https:\/\/kabylietimes.com\/index.php\/wp-json\/wp\/v2\/categories?post=4677"},{"taxonomy":"post_tag","embeddable":true,"href":"https:\/\/kabylietimes.com\/index.php\/wp-json\/wp\/v2\/tags?post=4677"}],"curies":[{"name":"wp","href":"https:\/\/api.w.org\/{rel}","templated":true}]}}