{"id":4562,"date":"2019-07-17T15:48:32","date_gmt":"2019-07-17T13:48:32","guid":{"rendered":"https:\/\/kabylietimes.com\/?p=4562"},"modified":"2019-07-17T15:52:30","modified_gmt":"2019-07-17T13:52:30","slug":"qui-sont-les-treize-personnalites-proposees-pour-mener-le-dialogue-et-la-mediation","status":"publish","type":"post","link":"https:\/\/kabylietimes.com\/index.php\/2019\/07\/17\/qui-sont-les-treize-personnalites-proposees-pour-mener-le-dialogue-et-la-mediation\/","title":{"rendered":"Qui sont les treize personnalit\u00e9s propos\u00e9es pour mener le dialogue et la m\u00e9diation ?"},"content":{"rendered":"<p>Le Forum civil pour le changement a propos\u00e9, ce mercredi 17 juillet, une liste de personnalit\u00e9s susceptibles de chapeauter son initiative de m\u00e9diation et de dialogue. Qui sont-elles\u00a0?<\/p>\n<p><strong>Mouloud Hamrouche<\/strong>, 76 ans, a occup\u00e9 le poste de chef du gouvernement entre septembre 1989 et juin 1991. Il a \u00e9galement \u00e9t\u00e9 candidat \u00e0 l\u2019\u00e9lection pr\u00e9sidentielle de 1999 avant de se retirer \u00e0 la veille du scrutin \u00e0 cause de soup\u00e7ons de fraude sur le processus \u00e9lectoral ayant abouti \u00e0 l\u2019\u00e9lection d\u2019Abdelaziz Bouteflika.<\/p>\n<p>Il avait estim\u00e9 dans une contribution publi\u00e9e en mai que \u00ab l\u2019arm\u00e9e ne peut aller contre les aspirations du peuple\u00a0\u00bb, ajoutant\u00a0: \u00ab La revendication de l\u2019application des articles 7 et 8 est pertinente. Il reste \u00e0 obtenir un accord sur le comment, la forme, les m\u00e9thodes de travail et le sch\u00e9ma final des institutions d\u00e9mocratiques, un avant-projet de Constitution et le mode de son approbation par une Constituante ou par un r\u00e9f\u00e9rendum \u00bb.<\/p>\n<p><strong>Mokdad Sifi<\/strong>, 79 ans, est un ancien chef du gouvernement, poste qu\u2019il a occup\u00e9 entre avril 1994 et d\u00e9cembre 1995. Il a \u00e9galement \u00e9t\u00e9 candidat \u00e0 l\u2019\u00e9lection pr\u00e9sidentielle de 1999 avant de se retirer \u00e0 la derni\u00e8re heure \u00e0 cause de soup\u00e7ons de fraude sur le processus \u00e9lectoral ayant abouti \u00e0 l\u2019\u00e9lection d\u2019Abdelaziz Bouteflika.<\/p>\n<p>Il a lanc\u00e9 un appel dans une contribution publi\u00e9e en mars dernier, avant la chute de Bouteflika, aux \u00ab\u00a0forces patriotiques encore capables de tenir t\u00eate \u00e0 la mafia qui veut continuer \u00e0 nous gouverner, d\u2019obliger le pr\u00e9sident malade \u00e0 se retirer conform\u00e9ment \u00e0 la volont\u00e9 du peuple et \u00e0 la Constitution et \u00e0 laisser les institutions constitutionnelles, encore fonctionnelles, organiser des \u00e9lections pr\u00e9sidentielles dans les d\u00e9lais l\u00e9gaux sous le contr\u00f4le d\u2019une Commission \u00c9lectorale Ind\u00e9pendante issue du mouvement populaire et accept\u00e9e par celui-ci\u00a0\u00bb.<\/p>\n<p><strong>Ahmed Taleb Ibrahimi<\/strong>, 87 ans, a occup\u00e9 des postes de ministre sous les pr\u00e9sidences de Houari Boumediene et Chadli Bendjedid. Il a \u00e9t\u00e9 ministre de l\u2019Education entre 1965 et 1970, ministre de la Culture et de l\u2019Information entre 1970 et 1977 et ministre des Affaires \u00e9trang\u00e8res entre 1982 et 1988. Il se pr\u00e9sente comme candidat \u00e0 l\u2019\u00e9lection pr\u00e9sidentielle de 1999 avant de se retirer \u00e0 la derni\u00e8re heure \u00e0 cause de soup\u00e7ons de fraude sur le processus \u00e9lectoral ayant abouti \u00e0 l\u2019\u00e9lection d\u2019Abdelaziz Bouteflika.<\/p>\n<p>Il a appel\u00e9 le commandement de l\u2019ANP en mai dernier aux c\u00f4t\u00e9s d\u2019Ali Yahia Abdennour et Rachid Benyelles \u00e0 un \u00ab\u00a0dialogue franc et honn\u00eate\u00a0\u00bb avec des figures repr\u00e9sentatives du Hirak, pr\u00e9conisant une \u00ab p\u00e9riode de transition de courte dur\u00e9e, conduite par des hommes et des femmes n\u2019ayant jamais appartenu au syst\u00e8me profond\u00e9ment corrompu des vingt derni\u00e8res ann\u00e9es\u00a0\u00bb.<\/p>\n<p><strong>Karim Youn\u00e8s<\/strong>, 71 ans, a occup\u00e9 le poste de ministre de la Formation professionnelle entre d\u00e9cembre 1999 et mai 2002 puis de pr\u00e9sident de l\u2019Assembl\u00e9e populaire nationale entre juin 2002 et juin 2004, ann\u00e9e durant laquelle il avait soutenu la candidature d\u2019Ali Benflis contre Bouteflika.<\/p>\n<p>Retir\u00e9 de la vie politique depuis 2004, il est r\u00e9apparu ce mardi pour se dire pr\u00eat pour une mission de m\u00e9diation dans le cadre du dialogue national, affirmant sa pr\u00e9sence a \u00e9t\u00e9 \u00ab\u00a0vivement souhait\u00e9e\u00a0\u00bb, sans toutefois pr\u00e9ciser par qui. \u00ab\u00a0Des \u00e9chos des milieux politiques laissent penser que La Pr\u00e9sidence de l\u2019\u00c9tat semble avoir entendu le message de la volont\u00e9 du peuple \u00bb, a-t-il indiqu\u00e9 par ailleurs.<\/p>\n<p><strong>Djamila Bouhired<\/strong>, 84 ans, est une ancienne moudjahida ayant combattu la puissance coloniale dans la Zone autonome d\u2019Alger durant la guerre d\u2019ind\u00e9pendance. Tr\u00e8s respect\u00e9e, elle a apport\u00e9 son soutien aux manifestations populaires d\u00e8s le deuxi\u00e8me vendredi de protestation en participant \u00e0 la marche sous les acclamations.<\/p>\n<p><strong>Fatiha Benabbou<\/strong>\u00a0est professeur de droit \u00e0 l\u2019universit\u00e9 d\u2019Alger et sp\u00e9cialiste en droit constitutionnel. Elle a affirm\u00e9 en juin que le mandat du chef de l\u2019Etat Abdelkader Bensalah \u00ab\u00a0ne doit pas d\u00e9passer les 90 jours\u00a0\u00bb.<\/p>\n<p><strong>Nacer Djabi<\/strong>\u00a0est sociologue. Il a affirm\u00e9 \u00e0 la fin du mois de juin dernier que \u00ab\u00a0les militaires ne veulent pas g\u00e9rer directement le pays\u00a0\u00bb. \u00ab\u00a0Il leur faut toujours une fa\u00e7ade civile. Le probl\u00e8me, aujourd\u2019hui, c\u2019est qu\u2019ils n\u2019arrivent pas \u00e0 cr\u00e9er cette fa\u00e7ade\u00a0\u00bb, a-t-il affirm\u00e9 lors d\u2019un entretien \u00e0 l\u2019Humanit\u00e9, ajoutant que \u00ab\u00a0le mouvement populaire ne veut pas du gouvernement de Nouredine Bedoui\u00a0\u00bb.<\/p>\n<p><strong>Mustapha Bouchachi,\u00a0<\/strong>64 ans, est avocat et ancien pr\u00e9sident de la Ligue alg\u00e9rienne pour la d\u00e9fense des droits de l\u2019homme (LADDH) entre 2007 et 2012. \u00ab\u00a0Les gens refusent que l\u2019actuel Premier ministre, qui est l\u2019ancien ministre de l\u2019Int\u00e9rieur derri\u00e8re la fraude \u00e9lectorale de ces derni\u00e8res ann\u00e9es, organise les \u00e9lections pr\u00e9sidentielles. Et ils refusent aussi que le chef de l\u2019Etat par interim accompagne cette p\u00e9riode de transition\u00a0\u00bb, a-t-il affirm\u00e9 dans un entretien accord\u00e9 \u00e0 Francetvinfo d\u00e9but juillet. Bouchachi a pr\u00e9conis\u00e9 dans le m\u00eame entretien \u00ab\u00a0une p\u00e9riode de transition g\u00e9r\u00e9e par des gens qui peuvent \u00eatre accept\u00e9s par les Alg\u00e9riens, avec une pr\u00e9sidence coll\u00e9giale ou un pr\u00e9sident\u00a0\u00bb ainsi que la cr\u00e9ation d\u2019une \u00ab\u00a0autorit\u00e9 ou d\u2019une commission ind\u00e9pendante pour organiser les \u00e9lections\u00a0\u00bb.<\/p>\n<p><strong>Sma\u00efl Lalmas<\/strong>\u00a0est expert en \u00e9conomie. Il a fait partie des personnalit\u00e9s pr\u00e9sentes dans la vid\u00e9o diffus\u00e9e d\u00e9but juillet dans laquelle ils ont lanc\u00e9 un appel au peuple alg\u00e9rien autour d\u2019un pacte pour la sauvegarde de la patrie en sortant manifester le 5 juillet.<\/p>\n<p><strong>Nafissa Lahreche<\/strong>\u00a0est fondatrice et pr\u00e9sidente de l\u2019association Femmes en Communication.<\/p>\n<p><strong>A\u00efcha Zena\u00ef\u00a0<\/strong>est une militante de la soci\u00e9t\u00e9 civile<strong>.<\/strong><\/p>\n<p><strong>Lyes Merabet<\/strong>\u00a0est pr\u00e9sident du Syndicat National des Praticiens de la Sant\u00e9 Publique (SNPSP), qui a particip\u00e9 au Forum du dialogue national.<\/p>\n<p><strong>Se\u00eff Islam Benattia<\/strong>\u00a0est quant \u00e0 lui un jeune militant ayant acquis la notori\u00e9t\u00e9 apr\u00e8s avoir interpel\u00e9 en mars dernier Lakhdar Brahimi lors d\u2019une \u00e9mission sur El Djaza\u00efra TV.<\/p>\n<p>Source : <a href=\"https:\/\/www.tsa-algerie.com\/qui-sont-les-treize-personnalites-proposees-pour-mener-le-dialogue-et-la-mediation\/\" target=\"_blank\" rel=\"noopener\">ICI<\/a><\/p>\n\n<div style=\"font-size: 0px; height: 0px; line-height: 0px; margin: 0; padding: 0; clear: both;\"><\/div>","protected":false},"excerpt":{"rendered":"<p>Le Forum civil pour le changement a propos\u00e9, ce mercredi 17 juillet, une liste de personnalit\u00e9s susceptibles de chapeauter son<\/p>\n","protected":false},"author":8,"featured_media":4563,"comment_status":"closed","ping_status":"closed","sticky":false,"template":"","format":"standard","meta":{"sfsi_plus_gutenberg_text_before_share":"","sfsi_plus_gutenberg_show_text_before_share":"","sfsi_plus_gutenberg_icon_type":"","sfsi_plus_gutenberg_icon_alignemt":"","sfsi_plus_gutenburg_max_per_row":""},"categories":[26,448],"tags":[],"_links":{"self":[{"href":"https:\/\/kabylietimes.com\/index.php\/wp-json\/wp\/v2\/posts\/4562"}],"collection":[{"href":"https:\/\/kabylietimes.com\/index.php\/wp-json\/wp\/v2\/posts"}],"about":[{"href":"https:\/\/kabylietimes.com\/index.php\/wp-json\/wp\/v2\/types\/post"}],"author":[{"embeddable":true,"href":"https:\/\/kabylietimes.com\/index.php\/wp-json\/wp\/v2\/users\/8"}],"replies":[{"embeddable":true,"href":"https:\/\/kabylietimes.com\/index.php\/wp-json\/wp\/v2\/comments?post=4562"}],"version-history":[{"count":1,"href":"https:\/\/kabylietimes.com\/index.php\/wp-json\/wp\/v2\/posts\/4562\/revisions"}],"predecessor-version":[{"id":4564,"href":"https:\/\/kabylietimes.com\/index.php\/wp-json\/wp\/v2\/posts\/4562\/revisions\/4564"}],"wp:featuredmedia":[{"embeddable":true,"href":"https:\/\/kabylietimes.com\/index.php\/wp-json\/wp\/v2\/media\/4563"}],"wp:attachment":[{"href":"https:\/\/kabylietimes.com\/index.php\/wp-json\/wp\/v2\/media?parent=4562"}],"wp:term":[{"taxonomy":"category","embeddable":true,"href":"https:\/\/kabylietimes.com\/index.php\/wp-json\/wp\/v2\/categories?post=4562"},{"taxonomy":"post_tag","embeddable":true,"href":"https:\/\/kabylietimes.com\/index.php\/wp-json\/wp\/v2\/tags?post=4562"}],"curies":[{"name":"wp","href":"https:\/\/api.w.org\/{rel}","templated":true}]}}