{"id":4460,"date":"2018-12-26T12:20:03","date_gmt":"2018-12-26T11:20:03","guid":{"rendered":"https:\/\/kabylietimes.com\/?p=4460"},"modified":"2018-12-26T12:20:03","modified_gmt":"2018-12-26T11:20:03","slug":"oujda-maroc-la-maison-natale-de-bouteflika-detruite","status":"publish","type":"post","link":"https:\/\/kabylietimes.com\/index.php\/2018\/12\/26\/oujda-maroc-la-maison-natale-de-bouteflika-detruite\/","title":{"rendered":"Oujda (Maroc) : la maison natale de Bouteflika d\u00e9truite"},"content":{"rendered":"<p><strong>Les autorit\u00e9s marocaines sont pass\u00e9es \u00e0 l\u2019acte. La maison natale du pr\u00e9sident Bouteflika \u00e0 Oujda a \u00e9t\u00e9 d\u00e9truite. C\u2019est ce qu\u2019ont annonc\u00e9 plusieurs m\u00e9dias marocains, pr\u00e9cisant que la b\u00e2tisse qui a vu na\u00eetre le chef de l\u2019Etat \u00ab\u00e9tait menac\u00e9e d\u2019\u00e9croulement depuis plusieurs ann\u00e9es.\u00bb<\/strong><\/p>\n<p>La d\u00e9cision de la d\u00e9truire a , selon les m\u00eames sources, prise apr\u00e8s des discussions men\u00e9es avec les autorit\u00e9s alg\u00e9riennes, notamment le consulat. Cette maison, ajoute la presse marocaine, \u00e9tait abandonn\u00e9e. \u00ab\u00a0Se trouvant dans l\u2019ancienne m\u00e9dina, la maison mena\u00e7ait de s\u2019effondrer mettant en danger la vie des voisins et des passants\u00a0\u00bb, pr\u00e9cisent encore ces sources.<\/p>\n<p>Sa destruction s\u2019est faite, assure-t-on, en pr\u00e9sence des responsables du consulat d\u2019Alg\u00e9rie \u00e0 Oujda. Selon la presse marocaine, le pr\u00e9sident Abdelaziz Bouteflika ne fait plus partie des h\u00e9ritiers de cette maison o\u00f9 il a vu le jour en 1937. Sa famille poss\u00e8de encore d\u2019autres demeures dans la capitale orientale du Maroc, indiquent des sources m\u00e9diatiques marocaines.<\/p>\n<p>Il y a quelques mois, rappelons-le, l\u2019activiste Rachid Nekkaz s\u2019est d\u00e9plac\u00e9 sur les lieux et a provoqu\u00e9 une pol\u00e9mique en d\u00e9non\u00e7ant l\u2019\u00e9tat de d\u00e9labrement dans laquelle se trouvait la maison.<\/p>\n<p>Source: <a href=\"https:\/\/www.algeriemondeinfos.com\/2018\/12\/25\/oujda-maroc-maison-natale-de-bouteflika-detruite\/?fbclid=IwAR1KGFsd9R5g7sJgBwaoaBTFIthtE4gZvz2WXqZGn-zHnoS5WdTV8gQ4uWw\" target=\"_blank\" rel=\"noopener\">ICI<\/a><\/p>\n\n<div style=\"font-size: 0px; height: 0px; line-height: 0px; margin: 0; padding: 0; clear: both;\"><\/div>","protected":false},"excerpt":{"rendered":"<p>Les autorit\u00e9s marocaines sont pass\u00e9es \u00e0 l\u2019acte. La maison natale du pr\u00e9sident Bouteflika \u00e0 Oujda a \u00e9t\u00e9 d\u00e9truite. C\u2019est ce<\/p>\n","protected":false},"author":8,"featured_media":4461,"comment_status":"closed","ping_status":"closed","sticky":false,"template":"","format":"standard","meta":{"sfsi_plus_gutenberg_text_before_share":"","sfsi_plus_gutenberg_show_text_before_share":"","sfsi_plus_gutenberg_icon_type":"","sfsi_plus_gutenberg_icon_alignemt":"","sfsi_plus_gutenburg_max_per_row":""},"categories":[26],"tags":[],"_links":{"self":[{"href":"https:\/\/kabylietimes.com\/index.php\/wp-json\/wp\/v2\/posts\/4460"}],"collection":[{"href":"https:\/\/kabylietimes.com\/index.php\/wp-json\/wp\/v2\/posts"}],"about":[{"href":"https:\/\/kabylietimes.com\/index.php\/wp-json\/wp\/v2\/types\/post"}],"author":[{"embeddable":true,"href":"https:\/\/kabylietimes.com\/index.php\/wp-json\/wp\/v2\/users\/8"}],"replies":[{"embeddable":true,"href":"https:\/\/kabylietimes.com\/index.php\/wp-json\/wp\/v2\/comments?post=4460"}],"version-history":[{"count":1,"href":"https:\/\/kabylietimes.com\/index.php\/wp-json\/wp\/v2\/posts\/4460\/revisions"}],"predecessor-version":[{"id":4462,"href":"https:\/\/kabylietimes.com\/index.php\/wp-json\/wp\/v2\/posts\/4460\/revisions\/4462"}],"wp:featuredmedia":[{"embeddable":true,"href":"https:\/\/kabylietimes.com\/index.php\/wp-json\/wp\/v2\/media\/4461"}],"wp:attachment":[{"href":"https:\/\/kabylietimes.com\/index.php\/wp-json\/wp\/v2\/media?parent=4460"}],"wp:term":[{"taxonomy":"category","embeddable":true,"href":"https:\/\/kabylietimes.com\/index.php\/wp-json\/wp\/v2\/categories?post=4460"},{"taxonomy":"post_tag","embeddable":true,"href":"https:\/\/kabylietimes.com\/index.php\/wp-json\/wp\/v2\/tags?post=4460"}],"curies":[{"name":"wp","href":"https:\/\/api.w.org\/{rel}","templated":true}]}}