{"id":4331,"date":"2018-11-05T15:42:50","date_gmt":"2018-11-05T14:42:50","guid":{"rendered":"https:\/\/kabylietimes.com\/?p=4331"},"modified":"2018-11-05T15:42:50","modified_gmt":"2018-11-05T14:42:50","slug":"service-civil-ouyahia-fixe-la-duree-institue-une-prime-pour-les-medecins","status":"publish","type":"post","link":"https:\/\/kabylietimes.com\/index.php\/2018\/11\/05\/service-civil-ouyahia-fixe-la-duree-institue-une-prime-pour-les-medecins\/","title":{"rendered":"Service civil : Ouyahia fixe la dur\u00e9e, institue une prime pour les m\u00e9decins"},"content":{"rendered":"<p>Du nouveau pour les m\u00e9decins praticiens de la sant\u00e9 publique. Un d\u00e9cret ex\u00e9cutif, sign\u00e9 par le premier ministre Ahmed Ouyahia vient de fixer \u201cles modalit\u00e9s d\u2019accomplissement du service civil pour les praticiens m\u00e9dicaux\u201d.<\/p>\n<p>\u201cLes dispositions du pr\u00e9sent d\u00e9cret s\u2019appliquent aux praticiens m\u00e9dicaux sp\u00e9cialistes de sant\u00e9 publique, assujettis au service civil affect\u00e9s, \u00e0 compter du 1er septembre 2018\u2033, pr\u00e9cise le d\u00e9cret.<\/p>\n<p>Le texte d\u00e9termine \u201d la modulation de la dur\u00e9e du service civil pour les m\u00e9decins sp\u00e9cialistes de sant\u00e9 publique dans les \u00e9tablissements hospitaliers\u201d. Ses dispositions s\u2019appliquent aux \u201cpraticiens m\u00e9dicaux sp\u00e9cialistes de sant\u00e9 publique, assujettis au service civil affect\u00e9s, \u00e0 compter du 1er septembre 2018.\u201d<\/p>\n<p>Quatre zones sont fix\u00e9es et la dur\u00e9e du service civil varie entre un an pour les wilayas du sud, et quatre ans pour Alger et Oran, uniquement.<\/p>\n<p>Ahmed Ouyahia a sign\u00e9 un autre d\u00e9cret ex\u00e9cutif portant \u201d institution d\u2019une prime de service civil au profit des praticiens m\u00e9dicaux sp\u00e9cialistes de sant\u00e9 publique\u201d. \u201cLe montant mensuel de la prime de service civil est fix\u00e9, selon la zone d\u2019exercice, entre vingt (20) mille dinars et soixante (60) mille dinars (\u2026). La prime de service civil n\u2019est pas int\u00e9gr\u00e9e dans le salaire du b\u00e9n\u00e9ficiaire\u201d, dispose le d\u00e9cret.<\/p>\n<p>Source :<a href=\"https:\/\/www.tsa-algerie.com\/service-civil-ouyahia-fixe-la-duree-institue-une-prime-pour-les-medecins\/\" target=\"_blank\" rel=\"noopener\">ICI<\/a><\/p>\n<p>&nbsp;<\/p>\n\n<div style=\"font-size: 0px; height: 0px; line-height: 0px; margin: 0; padding: 0; clear: both;\"><\/div>","protected":false},"excerpt":{"rendered":"<p>Du nouveau pour les m\u00e9decins praticiens de la sant\u00e9 publique. Un d\u00e9cret ex\u00e9cutif, sign\u00e9 par le premier ministre Ahmed Ouyahia<\/p>\n","protected":false},"author":8,"featured_media":4333,"comment_status":"closed","ping_status":"closed","sticky":false,"template":"","format":"standard","meta":{"sfsi_plus_gutenberg_text_before_share":"","sfsi_plus_gutenberg_show_text_before_share":"","sfsi_plus_gutenberg_icon_type":"","sfsi_plus_gutenberg_icon_alignemt":"","sfsi_plus_gutenburg_max_per_row":""},"categories":[26,448],"tags":[],"_links":{"self":[{"href":"https:\/\/kabylietimes.com\/index.php\/wp-json\/wp\/v2\/posts\/4331"}],"collection":[{"href":"https:\/\/kabylietimes.com\/index.php\/wp-json\/wp\/v2\/posts"}],"about":[{"href":"https:\/\/kabylietimes.com\/index.php\/wp-json\/wp\/v2\/types\/post"}],"author":[{"embeddable":true,"href":"https:\/\/kabylietimes.com\/index.php\/wp-json\/wp\/v2\/users\/8"}],"replies":[{"embeddable":true,"href":"https:\/\/kabylietimes.com\/index.php\/wp-json\/wp\/v2\/comments?post=4331"}],"version-history":[{"count":1,"href":"https:\/\/kabylietimes.com\/index.php\/wp-json\/wp\/v2\/posts\/4331\/revisions"}],"predecessor-version":[{"id":4334,"href":"https:\/\/kabylietimes.com\/index.php\/wp-json\/wp\/v2\/posts\/4331\/revisions\/4334"}],"wp:featuredmedia":[{"embeddable":true,"href":"https:\/\/kabylietimes.com\/index.php\/wp-json\/wp\/v2\/media\/4333"}],"wp:attachment":[{"href":"https:\/\/kabylietimes.com\/index.php\/wp-json\/wp\/v2\/media?parent=4331"}],"wp:term":[{"taxonomy":"category","embeddable":true,"href":"https:\/\/kabylietimes.com\/index.php\/wp-json\/wp\/v2\/categories?post=4331"},{"taxonomy":"post_tag","embeddable":true,"href":"https:\/\/kabylietimes.com\/index.php\/wp-json\/wp\/v2\/tags?post=4331"}],"curies":[{"name":"wp","href":"https:\/\/api.w.org\/{rel}","templated":true}]}}