{"id":4026,"date":"2018-09-13T11:30:07","date_gmt":"2018-09-13T09:30:07","guid":{"rendered":"https:\/\/kabylietimes.com\/?p=4026"},"modified":"2018-09-13T11:30:07","modified_gmt":"2018-09-13T09:30:07","slug":"linsee-confirme-que-bouteflika-survivrait-a-son-5e-mandat","status":"publish","type":"post","link":"https:\/\/kabylietimes.com\/index.php\/2018\/09\/13\/linsee-confirme-que-bouteflika-survivrait-a-son-5e-mandat\/","title":{"rendered":"L&rsquo;INSEE confirme que Bouteflika survivrait \u00e0 son 5e mandat"},"content":{"rendered":"<div class=\"field field--name-field-paragraphs field--type-entity-reference-revisions field--label-hidden field__items\">\n<div class=\"field__item\">\n<div class=\"paragraph paragraph--type--text paragraph--view-mode--default\">\n<div class=\"clearfix text-formatted field field--name-field-text field--type-text-long field--label-hidden field__item\">\n<p dir=\"ltr\">Tout cela est de la faute d\u2019Emmanuel Macron qui souhaite changer les r\u00e8gles de l\u2019accession \u00e0 la retraite et du calcul de la pension. Que fait un professeur proche du d\u00e9part\u00a0? Il se pr\u00e9cipite pour s&rsquo;informer avec fr\u00e9n\u00e9sie. Et l\u00e0, il d\u00e9couvre ce que les ann\u00e9es d&rsquo;insouciance n&rsquo;ont pas voulu entendre.<\/p>\n<p dir=\"ltr\">Tout d\u00e9bute avec la lecture d&rsquo;un article rappelant les grandes lignes que le jeune Pr\u00e9sident avait annonc\u00e9es \u00e0 l&rsquo;\u00e9poque de sa campagne \u00e9lectorale mais sur un ton lointain de la r\u00e9flexion non encore aboutie. Sa seule certitude, unifier les r\u00e9gimes de retraite, celles du priv\u00e9e avec celles des fonctionnaires. C&rsquo;est dans les modalit\u00e9s que la certitude n&rsquo;\u00e9tait pas encore au rendez-vous.<\/p>\n<p dir=\"ltr\">Cependant on me rappelle dans cet article qu&rsquo;il avait \u00e9nonc\u00e9, parmi d&rsquo;autres pistes, celle du r\u00e9gime \u00e0 points puis celle d&rsquo;un myst\u00e9rieux syst\u00e8me provenant de la Su\u00e8de, le \u00ab\u00a0capital virtuel\u00a0\u00bb. Le r\u00e9gime \u00e0 points, cela fait longtemps qu&rsquo;on nous en parle comme ayant beaucoup de vertus. Nous le connaissons d&rsquo;ailleurs tr\u00e8s bien par nos cotisations mensuelles au b\u00e9n\u00e9fice des r\u00e9gimes compl\u00e9mentaires, du priv\u00e9 (ARRCO et AGIRC) comme celui des fonctionnaires. Pour ces derniers, les sommes esp\u00e9r\u00e9es ne sont d&rsquo;ailleurs qu&rsquo;un compl\u00e9ment bien modeste.<\/p>\n<p dir=\"ltr\">Mais que signifie le syst\u00e8me du \u00ab\u00a0capital virtuel\u00a0\u00bb\u00a0? La poursuite de la lecture va m&rsquo;apprendre qu&rsquo;il s&rsquo;agit de prendre en compte la somme vers\u00e9e durant toute la carri\u00e8re aux organismes sociaux de collecte (revers\u00e9e aux retrait\u00e9s de la m\u00eame p\u00e9riode, c&rsquo;est le syst\u00e8me de r\u00e9partition) mais pond\u00e9r\u00e9e par un coefficient de l&rsquo;esp\u00e9rance de vie correspondant \u00e0 l&rsquo;\u00e2ge de d\u00e9part.<\/p>\n<p dir=\"ltr\">Et c&rsquo;est l\u00e0 que l&rsquo;esprit devient f\u00e9brile car on se souvient brusquement qu&rsquo;il en existe un, les \u00e9tudes sup\u00e9rieures \u00e9tant vraiment lointaines. Je savais cependant de longue date qu&rsquo;il existait des statistiques pour les accidents mortels que les compagnies d&rsquo;assurance gardent jalousement pour s&rsquo;en servir dans leur strat\u00e9gie de tarification. Mais j&rsquo;avais oubli\u00e9 que ces organismes se servaient \u00e9galement de la grande institution publique qu&rsquo;est l&rsquo;INSEE pour obtenir une base statistique beaucoup plus large et diversifi\u00e9e.<\/p>\n<div id=\"browsi_adWrapper_ai_1_ati_1\"><\/div>\n<p dir=\"ltr\">Le doigt peu assur\u00e9 et dans un serrement de dents, vous vous imaginez bien que j&rsquo;ai imm\u00e9diatement tap\u00e9 la requ\u00eate \u00ab\u00a0esp\u00e9rance de vie INSEE\u00a0\u00bb. Voil\u00e0 que je tombe imm\u00e9diatement sur un formulaire qui ne vous pr\u00e9pare pas psychologiquement et qui s&rsquo;adresse \u00e0 vous aussi s\u00e8chement que le sont ces trois questions \u00ab\u00a0Sexe\u00a0? Date de naissance\u00a0? \u00c2ge de d\u00e9part\u00a0?\u00a0\u00bb. Vous cliquez et, sans m\u00e9nagement, vous avez une r\u00e9ponse lapidaire qui ne se soucie nullement de votre \u00e9tat de choc.<\/p>\n<p dir=\"ltr\">Vous d\u00e9couvrez tout d&rsquo;abord qu&rsquo;il existe en fait deux coefficients. Voil\u00e0 ce qu&rsquo;ils me disent donc pour ma requ\u00eate \u00abHomme, 1955, 63 ans\u00bb\u00a0:<\/p>\n<p dir=\"ltr\">Vous \u00eates n\u00e9 en 1955.<\/p>\n<p dir=\"ltr\">Votre esp\u00e9rance de vie \u00e0 63 ans est de 89.034 ans selon la base TGH05* et 83.39 ans selon la base INSEE 2014.<\/p>\n<p dir=\"ltr\">Deux dates statistiques de d\u00e9c\u00e8s, \u00e0 moi de croire \u00e0 la plus favorable. Je ne suis pas rassur\u00e9 malgr\u00e9 tout car la premi\u00e8re, plus favorable de quelques ann\u00e9es, est calcul\u00e9e sur des donn\u00e9es plus anciennes. Aussit\u00f4t j&rsquo;essaie de contrebalancer par une pens\u00e9e plus positive, celle qui nous rappelle que la hausse de l&rsquo;esp\u00e9rance de vie va continuer sa courbe ascendante comme elle l&rsquo;a fait depuis un si\u00e8cle d&rsquo;une mani\u00e8re significative.<\/p>\n<p dir=\"ltr\">Et l\u00e0, mes chers amis, lorsque la tension est retomb\u00e9e et que j&rsquo;ai repris mes esprits, un sourire malicieux, presque pervers, est venu na\u00eetre doucement dans la commissure de mes l\u00e8vres. Une diabolique id\u00e9e m&rsquo;a travers\u00e9 l&rsquo;esprit car ce nom m&rsquo;accompagne et me hante depuis que j&rsquo;ai l&rsquo;\u00e2ge des premi\u00e8res r\u00e9flexions\u00a0: Abdelaziz\u00a0!<\/p>\n<p dir=\"ltr\">Le sourire devient f\u00e9roce, les doigts qui manipulent le curseur de la souris sont plus t\u00e9m\u00e9raires et l&rsquo;impatience grandissante. Je tape \u00ab\u00a0Homme, 1937, 81 ans\u00a0\u00bb. Et le miracle se produit de nouveau, voil\u00e0 la r\u00e9ponse\u00a0:<\/p>\n<p dir=\"ltr\">Vous \u00eates n\u00e9 en 1937.<\/p>\n<p dir=\"ltr\">Votre esp\u00e9rance de vie \u00e0 81 ans est de 90.695 ans selon la base TGH05* et 89.07 ans selon la base INSEE 2014.<\/p>\n<p dir=\"ltr\">J&rsquo;ai enfin la r\u00e9ponse \u00e0 la question que se posent des millions de citoyens, quelle est l&rsquo;esp\u00e9rance de vie de notre grand patient au pouvoir\u00a0? Une r\u00e9ponse statistique mais une r\u00e9ponse tout de m\u00eame. On les utilise bien pour les tarifs des assurances et bient\u00f4t peut-\u00eatre pour le calcul de la retraite, alors pourquoi pas pour alimenter notre esp\u00e9rance nationale.<\/p>\n<p dir=\"ltr\">Quels sont les enseignements\u00a0? Tout d&rsquo;abord laissons de c\u00f4t\u00e9 mon chagrin de mourir plus jeune que ce tyran. Que voulez-vous, ce type n&rsquo;a jamais travaill\u00e9 un seul jour de sa vie. Parcourir le monde en jet Falcon, pattes d&rsquo;\u00e9l\u00e9phant et crini\u00e8re au vent des ann\u00e9es soixante dix, c&rsquo;est pas vraiment un boulot.<\/p>\n<p dir=\"ltr\">Obtenir le job par un soir de coup d\u2019\u00c9tat, avec le renfort des armes, c&rsquo;est pas suite \u00e0 des \u00e9tudes harassantes et un acharnement \u00e0 gravir les \u00e9chelons par la comp\u00e9tence et l&rsquo;investissement de soi. Et terminer sa vie en balade, sur un fauteuil que poussent de pauvres bougres, comment voulez-vous que je puisse d\u00e9c\u00e9der plus tard, en concurrence avec Abdelaziz qui a eu une pareille vie de dilettante\u00a0?<\/p>\n<p dir=\"ltr\">Mais nous avons un autre enseignement, Abdelaziz Bouteflika peut largement assumer un 5e mandat et m\u00eame en entamer un autre.<\/p>\n<p dir=\"ltr\">Les statistiques sont formelles\u00a0! Certes, ce sont des statistiques pour des citoyens fran\u00e7ais b\u00e9n\u00e9ficiant d&rsquo;un environnement particulier. Mais le niveau de vie luxueux de notre Abdelaziz, toute sa vie, devrait m\u00eame nous sugg\u00e9rer que l&rsquo;\u00e2ge pr\u00e9visionnel et statistique du d\u00e9c\u00e8s est encore trop bas.<\/p>\n<\/div>\n<\/div>\n<\/div>\n<\/div>\n<div class=\"field field--name-field-auteur field--type-string field--label-inline\">\n<div class=\"field__label\">Source : <a href=\"http:\/\/www.lematindalgerie.com\/linsee-confirme-que-bouteflika-survivrait-son-5e-mandat\" target=\"_blank\" rel=\"noopener\">ICI<\/a><\/div>\n<div class=\"field__item\"><\/div>\n<\/div>\n\n<div style=\"font-size: 0px; height: 0px; line-height: 0px; margin: 0; padding: 0; clear: both;\"><\/div>","protected":false},"excerpt":{"rendered":"<p>Tout cela est de la faute d\u2019Emmanuel Macron qui souhaite changer les r\u00e8gles de l\u2019accession \u00e0 la retraite et du<\/p>\n","protected":false},"author":8,"featured_media":4027,"comment_status":"closed","ping_status":"closed","sticky":false,"template":"","format":"standard","meta":{"sfsi_plus_gutenberg_text_before_share":"","sfsi_plus_gutenberg_show_text_before_share":"","sfsi_plus_gutenberg_icon_type":"","sfsi_plus_gutenberg_icon_alignemt":"","sfsi_plus_gutenburg_max_per_row":""},"categories":[26,448],"tags":[],"_links":{"self":[{"href":"https:\/\/kabylietimes.com\/index.php\/wp-json\/wp\/v2\/posts\/4026"}],"collection":[{"href":"https:\/\/kabylietimes.com\/index.php\/wp-json\/wp\/v2\/posts"}],"about":[{"href":"https:\/\/kabylietimes.com\/index.php\/wp-json\/wp\/v2\/types\/post"}],"author":[{"embeddable":true,"href":"https:\/\/kabylietimes.com\/index.php\/wp-json\/wp\/v2\/users\/8"}],"replies":[{"embeddable":true,"href":"https:\/\/kabylietimes.com\/index.php\/wp-json\/wp\/v2\/comments?post=4026"}],"version-history":[{"count":1,"href":"https:\/\/kabylietimes.com\/index.php\/wp-json\/wp\/v2\/posts\/4026\/revisions"}],"predecessor-version":[{"id":4028,"href":"https:\/\/kabylietimes.com\/index.php\/wp-json\/wp\/v2\/posts\/4026\/revisions\/4028"}],"wp:featuredmedia":[{"embeddable":true,"href":"https:\/\/kabylietimes.com\/index.php\/wp-json\/wp\/v2\/media\/4027"}],"wp:attachment":[{"href":"https:\/\/kabylietimes.com\/index.php\/wp-json\/wp\/v2\/media?parent=4026"}],"wp:term":[{"taxonomy":"category","embeddable":true,"href":"https:\/\/kabylietimes.com\/index.php\/wp-json\/wp\/v2\/categories?post=4026"},{"taxonomy":"post_tag","embeddable":true,"href":"https:\/\/kabylietimes.com\/index.php\/wp-json\/wp\/v2\/tags?post=4026"}],"curies":[{"name":"wp","href":"https:\/\/api.w.org\/{rel}","templated":true}]}}