{"id":3877,"date":"2018-08-18T18:32:58","date_gmt":"2018-08-18T16:32:58","guid":{"rendered":"https:\/\/kabylietimes.com\/?p=3877"},"modified":"2018-08-18T18:33:22","modified_gmt":"2018-08-18T16:33:22","slug":"une-bijouterie-de-luxe-braquee-en-plein-jour","status":"publish","type":"post","link":"https:\/\/kabylietimes.com\/index.php\/2018\/08\/18\/une-bijouterie-de-luxe-braquee-en-plein-jour\/","title":{"rendered":"Une bijouterie de luxe braqu\u00e9e en plein jour"},"content":{"rendered":"<p style=\"text-align: justify;\">Une bijouterie a \u00e9t\u00e9 braqu\u00e9e en plein jour ce samedi \u00e0 Paris. Les malfaiteurs se sont empar\u00e9s de plusieurs montres de luxe.<\/p>\n<div class=\"padding-bottomx2 article-body-main blocx2 border-b-s \">\n<div class=\"links-color bloc\">\n<p style=\"text-align: justify;\">Plusieurs malfaiteurs ont braqu\u00e9 une bijouterie de luxe en plein jour ce samedi dans le 8e\u00a0arrondissement de Paris\u00a0<a href=\"http:\/\/www.leparisien.fr\/paris-75\/une-bijouterie-de-luxe-braquee-en-plein-paris-18-08-2018-7856577.php#xtor=AD-1481423553\">selon une information du\u00a0<em>Parisien<\/em><\/a>, confirm\u00e9e par <a href=\"https:\/\/www.bfmtv.com\/police-justice\/paris-une-bijouterie-de-luxe-braquee-en-plein-jour-1508263.html\">BFM<\/a> Paris.<em>\u00a0<\/em>Vers 13h, des individus arriv\u00e9s \u00e0 bord de Ford Focus grise, armes de poing \u00e0 la main, ont fait irruption dans une boutique Audemars-Piguet, c\u00e9l\u00e8bre marque de montre suisse, de la\u00a0<a href=\"https:\/\/www.google.fr\/maps\/place\/Rue+Pierre+Charron,+75008+Paris\/data=!4m2!3m1!1s0x47e66fc2fec3e655:0xd32369671fa341ae?sa=X&amp;ved=2ahUKEwi4teqhy_bcAhXmnuAKHR0eDkgQ8gEwAHoECAMQAQ\">rue Pierre-Charron<\/a>\u00a0dans le 8<sup>e<\/sup>\u00a0arrondissement de la capitale.<\/p>\n<p style=\"text-align: justify;\">Ils en ont profit\u00e9 pour s\u2019emparer de plusieurs montres avant de prendre la fuite en direction des Champs-Elys\u00e9es puis du 16<sup>e<\/sup>\u00a0arrondissement \u00e0 l\u2019ouest de Paris.<\/p>\n<p style=\"text-align: justify;\">Une enqu\u00eate pour vol avec arme en bande organis\u00e9e et association de malfaiteurs a \u00e9t\u00e9 ouverte et confi\u00e9e \u00e0 la Brigade de r\u00e9pression du banditisme, a appris l&rsquo;AFP de source judiciaire.<\/p>\n<p><a href=\"https:\/\/www.bfmtv.com\/police-justice\/paris-une-bijouterie-de-luxe-braquee-en-plein-jour-1508263.html\">source<\/a><\/p>\n<\/div>\n<\/div>\n\n<div style=\"font-size: 0px; height: 0px; line-height: 0px; margin: 0; padding: 0; clear: both;\"><\/div>","protected":false},"excerpt":{"rendered":"<p>Une bijouterie a \u00e9t\u00e9 braqu\u00e9e en plein jour ce samedi \u00e0 Paris. Les malfaiteurs se sont empar\u00e9s de plusieurs montres<\/p>\n","protected":false},"author":1,"featured_media":3878,"comment_status":"closed","ping_status":"closed","sticky":false,"template":"","format":"standard","meta":{"sfsi_plus_gutenberg_text_before_share":"","sfsi_plus_gutenberg_show_text_before_share":"","sfsi_plus_gutenberg_icon_type":"","sfsi_plus_gutenberg_icon_alignemt":"","sfsi_plus_gutenburg_max_per_row":""},"categories":[26,21],"tags":[],"_links":{"self":[{"href":"https:\/\/kabylietimes.com\/index.php\/wp-json\/wp\/v2\/posts\/3877"}],"collection":[{"href":"https:\/\/kabylietimes.com\/index.php\/wp-json\/wp\/v2\/posts"}],"about":[{"href":"https:\/\/kabylietimes.com\/index.php\/wp-json\/wp\/v2\/types\/post"}],"author":[{"embeddable":true,"href":"https:\/\/kabylietimes.com\/index.php\/wp-json\/wp\/v2\/users\/1"}],"replies":[{"embeddable":true,"href":"https:\/\/kabylietimes.com\/index.php\/wp-json\/wp\/v2\/comments?post=3877"}],"version-history":[{"count":3,"href":"https:\/\/kabylietimes.com\/index.php\/wp-json\/wp\/v2\/posts\/3877\/revisions"}],"predecessor-version":[{"id":3881,"href":"https:\/\/kabylietimes.com\/index.php\/wp-json\/wp\/v2\/posts\/3877\/revisions\/3881"}],"wp:featuredmedia":[{"embeddable":true,"href":"https:\/\/kabylietimes.com\/index.php\/wp-json\/wp\/v2\/media\/3878"}],"wp:attachment":[{"href":"https:\/\/kabylietimes.com\/index.php\/wp-json\/wp\/v2\/media?parent=3877"}],"wp:term":[{"taxonomy":"category","embeddable":true,"href":"https:\/\/kabylietimes.com\/index.php\/wp-json\/wp\/v2\/categories?post=3877"},{"taxonomy":"post_tag","embeddable":true,"href":"https:\/\/kabylietimes.com\/index.php\/wp-json\/wp\/v2\/tags?post=3877"}],"curies":[{"name":"wp","href":"https:\/\/api.w.org\/{rel}","templated":true}]}}