{"id":3734,"date":"2018-08-10T23:03:57","date_gmt":"2018-08-10T21:03:57","guid":{"rendered":"https:\/\/kabylietimes.com\/?p=3734"},"modified":"2018-08-10T23:12:37","modified_gmt":"2018-08-10T21:12:37","slug":"condamnes-pour-des-publications-sur-les-reseaux-sociaux","status":"publish","type":"post","link":"https:\/\/kabylietimes.com\/index.php\/2018\/08\/10\/condamnes-pour-des-publications-sur-les-reseaux-sociaux\/","title":{"rendered":"Condamn\u00e9s pour des publications sur les r\u00e9seaux sociaux"},"content":{"rendered":"<p><!--more-->\u2013<strong> 7 ans de prison ferme<\/strong><br \/>\n<strong>Merzouk Touati. Blogueur. 30 ans, natif de S\u00e9tif.<\/strong><\/p>\n<p>Dipl\u00f4m\u00e9 de l\u2019universit\u00e9 de B\u00e9ja\u00efa, Merzouk Touati est originaire de S\u00e9tif et vit avec sa m\u00e8re et son jeune fr\u00e8re dans la wilaya de B\u00e9ja\u00efa. Accus\u00e9 d\u2019\u00abintelligence avec l\u2019\u00e9tranger\u00bb pour une interview qu\u2019il a publi\u00e9e sur son blog, il a \u00e9t\u00e9 condamn\u00e9 en mai dernier \u00e0 dix ans de prison ferme par le tribunal de B\u00e9ja\u00efa, puis il a vu sa sentence r\u00e9duite \u00e0 sept ans de prison ferme par la m\u00eame cour en juin dernier. Il purge sa peine \u00e0 la prison de Oued Ghir (B\u00e9ja\u00efa).<\/p>\n<p><strong>\u2013 3 ans de prison ferme<\/strong><br \/>\n<strong>Slimane Bouhafs. Activiste. 52 ans, natif de S\u00e9tif.<\/strong><\/p>\n<p>Accus\u00e9 d\u2019avoir \u00abport\u00e9 pr\u00e9judice \u00e0 la religion musulmane \u00e0 travers des \u00e9crits et des photos partag\u00e9s sur les r\u00e9seaux sociaux\u00bb, il a \u00e9t\u00e9 condamn\u00e9 en premi\u00e8re instance \u00e0 Beni Ourtilane \u00e0 cinq ans de prison ferme puis \u00e0 trois ans de prison ferme par la cour de S\u00e9tif. Il a b\u00e9n\u00e9fici\u00e9 d\u2019une gr\u00e2ce de 16 mois et a \u00e9t\u00e9 lib\u00e9r\u00e9 en avril dernier apr\u00e8s avoir purg\u00e9 sa peine.<\/p>\n<p><strong>\u2013 2 ans de prison ferme\u00a0<\/strong><br \/>\n<strong>Mohamed Tamalt. Journaliste citoyen. 42 ans, natif d\u2019Alger, r\u00e9sident \u00e0 Londres.<\/strong><\/p>\n<p>Accus\u00e9 d\u2019\u00aboutrage envers le Pr\u00e9sident et les institutions publiques\u00bb pour des publications sur sa page facebook et sur son blog, il a \u00e9t\u00e9 condamn\u00e9 en juillet 2016 \u00e0 deux ans de prison ferme. Tomb\u00e9 dans le coma en ao\u00fbt, il est d\u00e9c\u00e9d\u00e9 \u00e0 l\u2019h\u00f4pital en d\u00e9cembre 2016.<\/p>\n<p><strong>\u2013 2 ans de prison ferme<\/strong><br \/>\n<strong>Youcef Ould Dada. Informaticien. 51 ans, natif de Gharda\u00efa.<\/strong><\/p>\n<p>Accus\u00e9 d\u2019\u00abatteinte \u00e0 l\u2019int\u00e9r\u00eat national\u00bb et d\u2019\u00aboutrage \u00e0 corps constitu\u00e9\u00bb, il a \u00e9t\u00e9 condamn\u00e9 en appel \u00e0 deux ans de prison et \u00e0 100\u00a0000 DA d\u2019amende pour avoir diffus\u00e9 sur les r\u00e9seaux sociaux une vid\u00e9o montrant \u00abdes gendarmes en train de saccager un magasin dans la wilaya de Gharda\u00efa\u00bb et ce, lors des derni\u00e8res tensions dans la r\u00e9gion. Il a \u00e9t\u00e9 lib\u00e9r\u00e9 apr\u00e8s avoir purg\u00e9 sa peine.<\/p>\n<div id=\"akv-incontent\"><\/div>\n<p><strong>\u2013 1 an de prison ferme<\/strong><br \/>\n<strong>Rachid Fodil. Cyberactiviste. 28 ans, natif de M\u2019sila.<\/strong><\/p>\n<p>Interpell\u00e9 en juin 2016, il a \u00e9t\u00e9 accus\u00e9 d\u2019\u00aboffense au Proph\u00e8te\u00bb et d\u2019\u00abatteinte aux pr\u00e9ceptes \u00e0 l\u2019islam\u00bb. Il a \u00e9t\u00e9 condamn\u00e9 \u00e0 cinq ans de prison ferme par le tribunal de Sidi A\u00efssa en novembre 2016, puis sa sentence a \u00e9t\u00e9 r\u00e9duite \u00e0 une ann\u00e9e de prison ferme par la cour de M\u2019sila en f\u00e9vrier 2017. Il a quitt\u00e9 la prison en juin 2017 apr\u00e8s avoir purg\u00e9 sa peine. Il a obtenu son bac en prison. Il est actuellement \u00e9tudiant \u00e0 Alger.<\/p>\n<p><strong>\u2013 1 an de prison ferme<\/strong><br \/>\n<strong>Massinissa Benalioua. Artiste. 32 ans, natif de Tizi Ouzou.<\/strong><\/p>\n<p>Arr\u00eat\u00e9 par la Gendarmerie nationale le 29 novembre 2017 \u00e0 Iferhoun\u00e8ne, dans la wilaya de Tizi Ouzou,\u00a0il a \u00e9t\u00e9 accus\u00e9 d\u2019\u00abapologie du terrorisme\u00bb et a \u00e9t\u00e9 condamn\u00e9, selon ses proches, \u00e0 une ann\u00e9e de prison ferme pour un commentaire sur facebook dans lequel il disait que \u00abla Gendarmerie nationale est de m\u00e8che avec les islamistes\u00bb.<\/p>\n<p><strong>\u2013 1 an de prison avec sursis et 24 jours de d\u00e9tention provisoire\u00a0<\/strong><br \/>\n<strong>Salim Yezza. Militant de la cause amazighe. 44 ans, natif de Batna, r\u00e9sident en France.<\/strong><\/p>\n<p>Accus\u00e9 d\u2019\u00abincitation \u00e0 la haine\u00bb pour des propos tenus sur les r\u00e9seaux sociaux, il a \u00e9t\u00e9 interpell\u00e9 en juillet dernier \u00e0 l\u2019a\u00e9roport de Biskra et transf\u00e9r\u00e9 \u00e0 Gharda\u00efa o\u00f9 il a \u00e9t\u00e9 plac\u00e9 sous mandat de d\u00e9p\u00f4t pendant 24 jours. Salim Yezza a \u00e9t\u00e9 condamn\u00e9 par le tribunal de Gharda\u00efa \u00e0 une ann\u00e9e de prison avec sursis et une amende de 100\u00a0000 DA. Il a \u00e9t\u00e9 lib\u00e9r\u00e9 mardi dernier.<\/p>\n<p>&nbsp;<\/p>\n<p>ElWatan.com<\/p>\n\n<div style=\"font-size: 0px; height: 0px; line-height: 0px; margin: 0; padding: 0; clear: both;\"><\/div>","protected":false},"excerpt":{"rendered":"","protected":false},"author":1,"featured_media":3737,"comment_status":"closed","ping_status":"closed","sticky":false,"template":"","format":"standard","meta":{"sfsi_plus_gutenberg_text_before_share":"","sfsi_plus_gutenberg_show_text_before_share":"","sfsi_plus_gutenberg_icon_type":"","sfsi_plus_gutenberg_icon_alignemt":"","sfsi_plus_gutenburg_max_per_row":""},"categories":[26,17],"tags":[],"_links":{"self":[{"href":"https:\/\/kabylietimes.com\/index.php\/wp-json\/wp\/v2\/posts\/3734"}],"collection":[{"href":"https:\/\/kabylietimes.com\/index.php\/wp-json\/wp\/v2\/posts"}],"about":[{"href":"https:\/\/kabylietimes.com\/index.php\/wp-json\/wp\/v2\/types\/post"}],"author":[{"embeddable":true,"href":"https:\/\/kabylietimes.com\/index.php\/wp-json\/wp\/v2\/users\/1"}],"replies":[{"embeddable":true,"href":"https:\/\/kabylietimes.com\/index.php\/wp-json\/wp\/v2\/comments?post=3734"}],"version-history":[{"count":2,"href":"https:\/\/kabylietimes.com\/index.php\/wp-json\/wp\/v2\/posts\/3734\/revisions"}],"predecessor-version":[{"id":3741,"href":"https:\/\/kabylietimes.com\/index.php\/wp-json\/wp\/v2\/posts\/3734\/revisions\/3741"}],"wp:featuredmedia":[{"embeddable":true,"href":"https:\/\/kabylietimes.com\/index.php\/wp-json\/wp\/v2\/media\/3737"}],"wp:attachment":[{"href":"https:\/\/kabylietimes.com\/index.php\/wp-json\/wp\/v2\/media?parent=3734"}],"wp:term":[{"taxonomy":"category","embeddable":true,"href":"https:\/\/kabylietimes.com\/index.php\/wp-json\/wp\/v2\/categories?post=3734"},{"taxonomy":"post_tag","embeddable":true,"href":"https:\/\/kabylietimes.com\/index.php\/wp-json\/wp\/v2\/tags?post=3734"}],"curies":[{"name":"wp","href":"https:\/\/api.w.org\/{rel}","templated":true}]}}