{"id":3723,"date":"2018-08-10T19:02:35","date_gmt":"2018-08-10T17:02:35","guid":{"rendered":"https:\/\/kabylietimes.com\/?p=3723"},"modified":"2018-08-10T19:07:30","modified_gmt":"2018-08-10T17:07:30","slug":"abdelaziz-bouteflika-est-mort-depuis-2-ans-et-a-ete-remplace-par-un-robot","status":"publish","type":"post","link":"https:\/\/kabylietimes.com\/index.php\/2018\/08\/10\/abdelaziz-bouteflika-est-mort-depuis-2-ans-et-a-ete-remplace-par-un-robot\/","title":{"rendered":"Abdelaziz Bouteflika est mort depuis 2 ans et a \u00e9t\u00e9 remplac\u00e9 par un robot"},"content":{"rendered":"<p style=\"box-sizing: border-box; font-family: Verdana, Geneva, sans-serif; font-size: 15px; line-height: 26px; margin-top: 0px; margin-bottom: 26px; word-wrap: break-word; color: #222222;\">Les experts de la CIA ont analys\u00e9 cette semaine des images r\u00e9centes du pr\u00e9sident alg\u00e9rien et ils sont formels. Abdelaziz Bouteflika est mort depuis plusieurs ann\u00e9es, probablement 3 ans et a \u00e9t\u00e9 remplac\u00e9 par un robot humano\u00efde, comme on peut le voir sur cette image pass\u00e9e au rayons X gr\u00e2ce \u00e0 une m\u00e9thode unique au monde.<\/p>\n<div id=\"ea_native\" style=\"box-sizing: border-box; color: #222222; font-family: Verdana, Geneva, sans-serif; font-size: 15px;\"><\/div>\n<h4 style=\"box-sizing: border-box; font-family: Roboto, sans-serif; color: #111111; font-weight: 400; margin: 24px 0px 14px; font-size: 19px; line-height: 29px;\">Depuis 2 ans, il ne bougeait quasiment plus.<\/h4>\n<p style=\"box-sizing: border-box; font-family: Verdana, Geneva, sans-serif; font-size: 15px; line-height: 26px; margin-top: 0px; margin-bottom: 26px; word-wrap: break-word; color: #222222;\">L\u2019homme fort de l\u2019Alg\u00e9rie avait, selon les communiqu\u00e9s officiels, souffert d\u2019un AVC en 2013 et \u00e9tait donc affaibli par la maladie. Selon les Am\u00e9ricains, Bouteflika serait d\u00e9c\u00e9d\u00e9 des suites de cette attaque cardio-vasculaire \u00e0 l\u2019\u00e9poque et avait \u00e9t\u00e9 remplac\u00e9 par un humano\u00efde robotique.<\/p>\n<p><img loading=\"lazy\" class=\"alignnone wp-image-3724\" src=\"https:\/\/kabylietimes.com\/wp-content\/uploads\/2018\/08\/Abdelaziz_Bouteflika_in_2006-523x1024-153x300.jpg\" alt=\"\" width=\"295\" height=\"579\" srcset=\"https:\/\/kabylietimes.com\/wp-content\/uploads\/2018\/08\/Abdelaziz_Bouteflika_in_2006-523x1024-153x300.jpg 153w, https:\/\/kabylietimes.com\/wp-content\/uploads\/2018\/08\/Abdelaziz_Bouteflika_in_2006-523x1024.jpg 523w\" sizes=\"(max-width: 295px) 100vw, 295px\" \/><\/p>\n<p>On peut d\u2019ailleurs voir sur de nombreuses images vid\u00e9o que Bouteflika n\u2019avait plus aucun mouvement naturel. On y voit tr\u00e8s bien l\u2019oeuvre d\u2019une machine.<\/p>\n<p>Sur ces 2 photos, (l\u2019une date de 2012, l\u2019autre de 2014), on voit tr\u00e8s bien qu\u2019il ne s\u2019agit pas du pr\u00e9sident et que sa posture est \u00e9trange.<\/p>\n<p>Pire: En regardant attentivement en dessous de cette photo, on y voit une main tr\u00e8s artificielle\u2026<\/p>\n<p>&nbsp;<\/p>\n<p>Source : <a href=\"http:\/\/nordpresse.be\/abdelaziz-bouteflika-est-mort-depuis-2-ans-et-a-ete-remplace-par-un-robot\/\" target=\"_blank\" rel=\"noopener\">ICI<\/a><\/p>\n\n<div style=\"font-size: 0px; height: 0px; line-height: 0px; margin: 0; padding: 0; clear: both;\"><\/div>","protected":false},"excerpt":{"rendered":"<p>Les experts de la CIA ont analys\u00e9 cette semaine des images r\u00e9centes du pr\u00e9sident alg\u00e9rien et ils sont formels. Abdelaziz<\/p>\n","protected":false},"author":8,"featured_media":3726,"comment_status":"open","ping_status":"open","sticky":false,"template":"","format":"standard","meta":{"sfsi_plus_gutenberg_text_before_share":"","sfsi_plus_gutenberg_show_text_before_share":"","sfsi_plus_gutenberg_icon_type":"","sfsi_plus_gutenberg_icon_alignemt":"","sfsi_plus_gutenburg_max_per_row":""},"categories":[26,448],"tags":[],"_links":{"self":[{"href":"https:\/\/kabylietimes.com\/index.php\/wp-json\/wp\/v2\/posts\/3723"}],"collection":[{"href":"https:\/\/kabylietimes.com\/index.php\/wp-json\/wp\/v2\/posts"}],"about":[{"href":"https:\/\/kabylietimes.com\/index.php\/wp-json\/wp\/v2\/types\/post"}],"author":[{"embeddable":true,"href":"https:\/\/kabylietimes.com\/index.php\/wp-json\/wp\/v2\/users\/8"}],"replies":[{"embeddable":true,"href":"https:\/\/kabylietimes.com\/index.php\/wp-json\/wp\/v2\/comments?post=3723"}],"version-history":[{"count":1,"href":"https:\/\/kabylietimes.com\/index.php\/wp-json\/wp\/v2\/posts\/3723\/revisions"}],"predecessor-version":[{"id":3727,"href":"https:\/\/kabylietimes.com\/index.php\/wp-json\/wp\/v2\/posts\/3723\/revisions\/3727"}],"wp:featuredmedia":[{"embeddable":true,"href":"https:\/\/kabylietimes.com\/index.php\/wp-json\/wp\/v2\/media\/3726"}],"wp:attachment":[{"href":"https:\/\/kabylietimes.com\/index.php\/wp-json\/wp\/v2\/media?parent=3723"}],"wp:term":[{"taxonomy":"category","embeddable":true,"href":"https:\/\/kabylietimes.com\/index.php\/wp-json\/wp\/v2\/categories?post=3723"},{"taxonomy":"post_tag","embeddable":true,"href":"https:\/\/kabylietimes.com\/index.php\/wp-json\/wp\/v2\/tags?post=3723"}],"curies":[{"name":"wp","href":"https:\/\/api.w.org\/{rel}","templated":true}]}}