{"id":3631,"date":"2018-08-04T14:00:40","date_gmt":"2018-08-04T12:00:40","guid":{"rendered":"https:\/\/kabylietimes.com\/?p=3631"},"modified":"2018-08-04T14:00:40","modified_gmt":"2018-08-04T12:00:40","slug":"le-fis-limpact-dune-guerre-10-ans-je-me-souviens","status":"publish","type":"post","link":"https:\/\/kabylietimes.com\/index.php\/2018\/08\/04\/le-fis-limpact-dune-guerre-10-ans-je-me-souviens\/","title":{"rendered":"Le FIS l&rsquo;impact d&rsquo;une guerre, 10 ans, je me souviens"},"content":{"rendered":"<p style=\"text-align: justify;\">Le FIS l&rsquo;impact d&rsquo;une guerre, 10 ans, je me souviens.<\/p>\n<p style=\"text-align: justify;\">La cr\u00e9ation de Dieu, l&rsquo;\u00eatre sensible. L&rsquo;humain suspect, jug\u00e9 d\u00e9sob\u00e9issant par le cr\u00e9ateur. Il demande la gr\u00eale et il se plaint du mauvais temps. Il donne sa satisfaction en \u00e9change d&rsquo;un \u00e9lu, un pr\u00e9sident, un fonctionnaire qu&rsquo;il avise bien par la suite il se plaint de la vie et de la cr\u00e9ation de son Dieu. L&rsquo;humain se revendique rebelle, il se prosterne, il pourchasse l&rsquo;injustice \u00e0 qui il a pris temps d&rsquo;\u00e9tablir. Sans l&rsquo;\u00eatre<span class=\"text_exposed_show\">, Il oublie l&rsquo;\u00e2ge, il investit sa pri\u00e8re et sa religion dans la fausse id\u00e9e de l&rsquo;existence, et de sa fraternit\u00e9. Il naquit le sang, les ressemblances de religions et les rassemblements qui ont donn\u00e9 have de guerre. Il annule la culture par une pri\u00e8re &#8211; ceci n&rsquo;est que le pass\u00e9 qui s&rsquo;engage \u00e0 nouveau dans la perp\u00e9tuit\u00e9 de la m\u00e9moire commune de notre nationalisme. Chaque d\u00e9but \u00e0 un d\u00e9but, chaque terrorisme vient derri\u00e8re une pri\u00e8re maudite : peut-\u00eatre celle d&rsquo;annuler un gala, de fermer un op\u00e9ra, un caf\u00e9 litt\u00e9raire, la Madrague ou m\u00eame le jardin d&rsquo;essai. Un acte de fermeture qui suit une pri\u00e8re c&rsquo;est sans doute le d\u00e9but d&rsquo;un deuxi\u00e8me \u00e9branlement de la soci\u00e9t\u00e9. Au calme le FIS fait son come-back.<br \/>\nNabil Abderrahmane<\/span><\/p>\n\n<div style=\"font-size: 0px; height: 0px; line-height: 0px; margin: 0; padding: 0; clear: both;\"><\/div>","protected":false},"excerpt":{"rendered":"<p>Le FIS l&rsquo;impact d&rsquo;une guerre, 10 ans, je me souviens. La cr\u00e9ation de Dieu, l&rsquo;\u00eatre sensible. L&rsquo;humain suspect, jug\u00e9 d\u00e9sob\u00e9issant<\/p>\n","protected":false},"author":3,"featured_media":2931,"comment_status":"closed","ping_status":"closed","sticky":false,"template":"","format":"standard","meta":{"sfsi_plus_gutenberg_text_before_share":"","sfsi_plus_gutenberg_show_text_before_share":"","sfsi_plus_gutenberg_icon_type":"","sfsi_plus_gutenberg_icon_alignemt":"","sfsi_plus_gutenburg_max_per_row":""},"categories":[237],"tags":[],"_links":{"self":[{"href":"https:\/\/kabylietimes.com\/index.php\/wp-json\/wp\/v2\/posts\/3631"}],"collection":[{"href":"https:\/\/kabylietimes.com\/index.php\/wp-json\/wp\/v2\/posts"}],"about":[{"href":"https:\/\/kabylietimes.com\/index.php\/wp-json\/wp\/v2\/types\/post"}],"author":[{"embeddable":true,"href":"https:\/\/kabylietimes.com\/index.php\/wp-json\/wp\/v2\/users\/3"}],"replies":[{"embeddable":true,"href":"https:\/\/kabylietimes.com\/index.php\/wp-json\/wp\/v2\/comments?post=3631"}],"version-history":[{"count":2,"href":"https:\/\/kabylietimes.com\/index.php\/wp-json\/wp\/v2\/posts\/3631\/revisions"}],"predecessor-version":[{"id":3633,"href":"https:\/\/kabylietimes.com\/index.php\/wp-json\/wp\/v2\/posts\/3631\/revisions\/3633"}],"wp:featuredmedia":[{"embeddable":true,"href":"https:\/\/kabylietimes.com\/index.php\/wp-json\/wp\/v2\/media\/2931"}],"wp:attachment":[{"href":"https:\/\/kabylietimes.com\/index.php\/wp-json\/wp\/v2\/media?parent=3631"}],"wp:term":[{"taxonomy":"category","embeddable":true,"href":"https:\/\/kabylietimes.com\/index.php\/wp-json\/wp\/v2\/categories?post=3631"},{"taxonomy":"post_tag","embeddable":true,"href":"https:\/\/kabylietimes.com\/index.php\/wp-json\/wp\/v2\/tags?post=3631"}],"curies":[{"name":"wp","href":"https:\/\/api.w.org\/{rel}","templated":true}]}}