{"id":3360,"date":"2018-07-19T19:11:48","date_gmt":"2018-07-19T17:11:48","guid":{"rendered":"https:\/\/kabylietimes.com\/?p=3360"},"modified":"2018-07-19T19:11:48","modified_gmt":"2018-07-19T17:11:48","slug":"la-coupe-du-monde-a-revele-une-montee-du-racisme-en-pologne","status":"publish","type":"post","link":"https:\/\/kabylietimes.com\/index.php\/2018\/07\/19\/la-coupe-du-monde-a-revele-une-montee-du-racisme-en-pologne\/","title":{"rendered":"La Coupe du monde a r\u00e9v\u00e9l\u00e9 une mont\u00e9e du racisme en Pologne"},"content":{"rendered":"<p style=\"text-align: justify;\">Une ONG antiracisme polonaise a indiqu\u00e9 hier avoir adress\u00e9 plusieurs plaintes au parquet contre des personnes tenant des propos racistes et haineux sur les r\u00e9seaux sociaux \u00e0 la suite de la victoire de la France lors de la Coupe du monde en Russie. \u201cLes commentaires insultent les joueurs fran\u00e7ais en raison de la couleur de leur peau (&#8230;) et utilisent des \u00e9pith\u00e8tes racistes extr\u00e9mistes consid\u00e9r\u00e9es comme criminelles en Pologne\u201d, rapporte le directeur du Centre de surveillance du comportement raciste et x\u00e9nophobe de Varsovie. Jusqu&rsquo;\u00e0 pr\u00e9sent, l&rsquo;organisation a d\u00e9pos\u00e9 plus de 30 plaintes au parquet, alors que des dizaines d&rsquo;autres doivent suivre.<\/p>\n<p style=\"text-align: justify;\">\nSelon lui, une vague similaire des posts racistes et haineux s&rsquo;est produite apr\u00e8s le match perdu par la Pologne contre le S\u00e9n\u00e9gal (1-2) lors de la phase de groupes.<br \/>\nCette mont\u00e9e des propos racistes et haineux en Pologne, r\u00e9v\u00e9l\u00e9e \u00e0 l\u2019occasion du Mondial 2018, co\u00efnciderait avec l&rsquo;arriv\u00e9e au pouvoir des conservateurs nationalistes de Droit et Justice (PIS) en 2015.<\/p>\n<p><a href=\"https:\/\/www.liberte-algerie.com\/radar\/la-coupe-du-monde-a-revele-une-montee-du-racisme-en-pologne-296722\">Src<\/a><\/p>\n\n<div style=\"font-size: 0px; height: 0px; line-height: 0px; margin: 0; padding: 0; clear: both;\"><\/div>","protected":false},"excerpt":{"rendered":"<p>Une ONG antiracisme polonaise a indiqu\u00e9 hier avoir adress\u00e9 plusieurs plaintes au parquet contre des personnes tenant des propos racistes<\/p>\n","protected":false},"author":1,"featured_media":3361,"comment_status":"closed","ping_status":"closed","sticky":false,"template":"","format":"standard","meta":{"sfsi_plus_gutenberg_text_before_share":"","sfsi_plus_gutenberg_show_text_before_share":"","sfsi_plus_gutenberg_icon_type":"","sfsi_plus_gutenberg_icon_alignemt":"","sfsi_plus_gutenburg_max_per_row":""},"categories":[26,21,20],"tags":[],"_links":{"self":[{"href":"https:\/\/kabylietimes.com\/index.php\/wp-json\/wp\/v2\/posts\/3360"}],"collection":[{"href":"https:\/\/kabylietimes.com\/index.php\/wp-json\/wp\/v2\/posts"}],"about":[{"href":"https:\/\/kabylietimes.com\/index.php\/wp-json\/wp\/v2\/types\/post"}],"author":[{"embeddable":true,"href":"https:\/\/kabylietimes.com\/index.php\/wp-json\/wp\/v2\/users\/1"}],"replies":[{"embeddable":true,"href":"https:\/\/kabylietimes.com\/index.php\/wp-json\/wp\/v2\/comments?post=3360"}],"version-history":[{"count":1,"href":"https:\/\/kabylietimes.com\/index.php\/wp-json\/wp\/v2\/posts\/3360\/revisions"}],"predecessor-version":[{"id":3362,"href":"https:\/\/kabylietimes.com\/index.php\/wp-json\/wp\/v2\/posts\/3360\/revisions\/3362"}],"wp:featuredmedia":[{"embeddable":true,"href":"https:\/\/kabylietimes.com\/index.php\/wp-json\/wp\/v2\/media\/3361"}],"wp:attachment":[{"href":"https:\/\/kabylietimes.com\/index.php\/wp-json\/wp\/v2\/media?parent=3360"}],"wp:term":[{"taxonomy":"category","embeddable":true,"href":"https:\/\/kabylietimes.com\/index.php\/wp-json\/wp\/v2\/categories?post=3360"},{"taxonomy":"post_tag","embeddable":true,"href":"https:\/\/kabylietimes.com\/index.php\/wp-json\/wp\/v2\/tags?post=3360"}],"curies":[{"name":"wp","href":"https:\/\/api.w.org\/{rel}","templated":true}]}}