{"id":3235,"date":"2018-07-16T22:16:23","date_gmt":"2018-07-16T20:16:23","guid":{"rendered":"https:\/\/kabylietimes.com\/?p=3235"},"modified":"2018-07-16T22:18:02","modified_gmt":"2018-07-16T20:18:02","slug":"changement-dans-vos-factures-sonelgaz","status":"publish","type":"post","link":"https:\/\/kabylietimes.com\/index.php\/2018\/07\/16\/changement-dans-vos-factures-sonelgaz\/","title":{"rendered":"Changement dans vos factures Sonelgaz"},"content":{"rendered":"<p style=\"text-align: justify;\">Sonelgaz va proc\u00e9der prochainement \u00e0 des changements concernant les factures d&rsquo;\u00e9nergie \u00e9lectrique et de gaz.\u00a0 \u00a0 \u00a0 \u00a0 \u00a0 \u00a0 \u00a0 \u00a0 \u00a0 \u00a0 \u00a0 \u00a0 \u00a0 \u00a0 \u00a0 \u00a0 \u00a0 Mohamed Arkab en sa qualit\u00e9 de Pr\u00e9sident directeur g\u00e9n\u00e9ral de l&rsquo;entreprise nationale l&rsquo;a annonc\u00e9 en marge d&rsquo;une rencontre qui l&rsquo;a regroup\u00e9e avec les entreprises nationales charg\u00e9es de la r\u00e9alisation des r\u00e9seaux \u00e9lectriques: \u00ab\u00a0un syst\u00e8me de facturation mensuel sera introduit, pour remplacer le syst\u00e8me de facturation trimestriel actuellement en vigueur\u00a0\u00bb, a indiqu\u00e9 le responsable.<\/p>\n<p style=\"text-align: justify;\">Le premier responsable de la Sonelgaz a expliqu\u00e9 qu\u2019un syst\u00e8me de facturation bimensuel sera introduit dans un premier temps, pour arriver ensuite \u00e0 une facturation mensuelle de la consommation d\u2019\u00e9lectricit\u00e9. \u00ab\u00a0Ces changements prendront progressivement effet sur les trois prochaines ann\u00e9es\u00a0\u00bb, a t-il soulign\u00e9.<\/p>\n<p>&nbsp;<\/p>\n<p style=\"text-align: justify;\">\n\n<div style=\"font-size: 0px; height: 0px; line-height: 0px; margin: 0; padding: 0; clear: both;\"><\/div>","protected":false},"excerpt":{"rendered":"<p>Sonelgaz va proc\u00e9der prochainement \u00e0 des changements concernant les factures d&rsquo;\u00e9nergie \u00e9lectrique et de gaz.\u00a0 \u00a0 \u00a0 \u00a0 \u00a0 \u00a0<\/p>\n","protected":false},"author":1,"featured_media":3240,"comment_status":"closed","ping_status":"closed","sticky":false,"template":"","format":"standard","meta":{"sfsi_plus_gutenberg_text_before_share":"","sfsi_plus_gutenberg_show_text_before_share":"","sfsi_plus_gutenberg_icon_type":"","sfsi_plus_gutenberg_icon_alignemt":"","sfsi_plus_gutenburg_max_per_row":""},"categories":[26,448],"tags":[],"_links":{"self":[{"href":"https:\/\/kabylietimes.com\/index.php\/wp-json\/wp\/v2\/posts\/3235"}],"collection":[{"href":"https:\/\/kabylietimes.com\/index.php\/wp-json\/wp\/v2\/posts"}],"about":[{"href":"https:\/\/kabylietimes.com\/index.php\/wp-json\/wp\/v2\/types\/post"}],"author":[{"embeddable":true,"href":"https:\/\/kabylietimes.com\/index.php\/wp-json\/wp\/v2\/users\/1"}],"replies":[{"embeddable":true,"href":"https:\/\/kabylietimes.com\/index.php\/wp-json\/wp\/v2\/comments?post=3235"}],"version-history":[{"count":2,"href":"https:\/\/kabylietimes.com\/index.php\/wp-json\/wp\/v2\/posts\/3235\/revisions"}],"predecessor-version":[{"id":3242,"href":"https:\/\/kabylietimes.com\/index.php\/wp-json\/wp\/v2\/posts\/3235\/revisions\/3242"}],"wp:featuredmedia":[{"embeddable":true,"href":"https:\/\/kabylietimes.com\/index.php\/wp-json\/wp\/v2\/media\/3240"}],"wp:attachment":[{"href":"https:\/\/kabylietimes.com\/index.php\/wp-json\/wp\/v2\/media?parent=3235"}],"wp:term":[{"taxonomy":"category","embeddable":true,"href":"https:\/\/kabylietimes.com\/index.php\/wp-json\/wp\/v2\/categories?post=3235"},{"taxonomy":"post_tag","embeddable":true,"href":"https:\/\/kabylietimes.com\/index.php\/wp-json\/wp\/v2\/tags?post=3235"}],"curies":[{"name":"wp","href":"https:\/\/api.w.org\/{rel}","templated":true}]}}