{"id":3138,"date":"2018-07-14T21:26:13","date_gmt":"2018-07-14T19:26:13","guid":{"rendered":"https:\/\/kabylietimes.com\/?p=3138"},"modified":"2018-07-14T21:26:13","modified_gmt":"2018-07-14T19:26:13","slug":"bouteflika-ne-se-presentera-pas-pour-un-cinquieme-mandat","status":"publish","type":"post","link":"https:\/\/kabylietimes.com\/index.php\/2018\/07\/14\/bouteflika-ne-se-presentera-pas-pour-un-cinquieme-mandat\/","title":{"rendered":"Bouteflika ne se pr\u00e9sentera pas pour un cinqui\u00e8me mandat"},"content":{"rendered":"<h2>Bouteflika ne se pr\u00e9sentera pas pour un cinqui\u00e8me mandat?<\/h2>\n<p style=\"text-align: justify;\">Le secr\u00e9taire g\u00e9n\u00e9ral du Front de Lib\u00e9ration nationale (FLN), Djamel Ould Abbes, a insinu\u00e9, ce samedi, \u00e0 A\u00efn Defla, que la candidature du pr\u00e9sident Abdelaziz Bouteflika n\u2019est pas \u00e9vidente. \u00abSi Bouteflika d\u00e9cide de se pr\u00e9senter, nous allons le soutenir et lui faire campagne. S\u2019il prend une autre d\u00e9cision, nous allons l\u2019appliquer parce que nous ne voulons pas d\u2019un saut dans l\u2019inconnu apr\u00e8s 2019\u2026\u00a0\u00bb, a-t-il soutenu devant les cadres du parti des wilayas d\u2019A\u00efn Defla, M\u00e9d\u00e9a, Tipasa et Chlef.<\/p>\n<p style=\"text-align: justify;\">Le SG du FLN a l\u00e2ch\u00e9 \u00e9galement une phrase qui pourrait conforter l\u2019id\u00e9e que le cinqui\u00e8me mandat n\u2019est pas d\u00e9finitivement tranch\u00e9\u00a0: \u00abApr\u00e8s 2019, il y a d\u2019autre d\u00e9fis qui nous attendent, et heureusement qu\u2019aujourd\u2019hui nous disposons d\u2019institutions fortes\u00bb. Et d\u2019ajouter\u00a0: \u00abQue les choses soient claires pour tout le monde, le FLN n\u2019a le monopole de rien du tout. Nous sommes un parti comme les autres. Nous sommes partenaires avec les autres partis, et nous travaillons pour un candidat de consensus\u00bb.<\/p>\n\n<div style=\"font-size: 0px; height: 0px; line-height: 0px; margin: 0; padding: 0; clear: both;\"><\/div>","protected":false},"excerpt":{"rendered":"<p>Bouteflika ne se pr\u00e9sentera pas pour un cinqui\u00e8me mandat? Le secr\u00e9taire g\u00e9n\u00e9ral du Front de Lib\u00e9ration nationale (FLN), Djamel Ould<\/p>\n","protected":false},"author":1,"featured_media":2061,"comment_status":"closed","ping_status":"closed","sticky":false,"template":"","format":"standard","meta":{"sfsi_plus_gutenberg_text_before_share":"","sfsi_plus_gutenberg_show_text_before_share":"","sfsi_plus_gutenberg_icon_type":"","sfsi_plus_gutenberg_icon_alignemt":"","sfsi_plus_gutenburg_max_per_row":""},"categories":[26,448],"tags":[413,30,37,759,36],"_links":{"self":[{"href":"https:\/\/kabylietimes.com\/index.php\/wp-json\/wp\/v2\/posts\/3138"}],"collection":[{"href":"https:\/\/kabylietimes.com\/index.php\/wp-json\/wp\/v2\/posts"}],"about":[{"href":"https:\/\/kabylietimes.com\/index.php\/wp-json\/wp\/v2\/types\/post"}],"author":[{"embeddable":true,"href":"https:\/\/kabylietimes.com\/index.php\/wp-json\/wp\/v2\/users\/1"}],"replies":[{"embeddable":true,"href":"https:\/\/kabylietimes.com\/index.php\/wp-json\/wp\/v2\/comments?post=3138"}],"version-history":[{"count":1,"href":"https:\/\/kabylietimes.com\/index.php\/wp-json\/wp\/v2\/posts\/3138\/revisions"}],"predecessor-version":[{"id":3139,"href":"https:\/\/kabylietimes.com\/index.php\/wp-json\/wp\/v2\/posts\/3138\/revisions\/3139"}],"wp:featuredmedia":[{"embeddable":true,"href":"https:\/\/kabylietimes.com\/index.php\/wp-json\/wp\/v2\/media\/2061"}],"wp:attachment":[{"href":"https:\/\/kabylietimes.com\/index.php\/wp-json\/wp\/v2\/media?parent=3138"}],"wp:term":[{"taxonomy":"category","embeddable":true,"href":"https:\/\/kabylietimes.com\/index.php\/wp-json\/wp\/v2\/categories?post=3138"},{"taxonomy":"post_tag","embeddable":true,"href":"https:\/\/kabylietimes.com\/index.php\/wp-json\/wp\/v2\/tags?post=3138"}],"curies":[{"name":"wp","href":"https:\/\/api.w.org\/{rel}","templated":true}]}}