{"id":2721,"date":"2018-03-21T21:30:57","date_gmt":"2018-03-21T20:30:57","guid":{"rendered":"https:\/\/kabylietimes.com\/?p=2721"},"modified":"2018-03-21T21:44:34","modified_gmt":"2018-03-21T20:44:34","slug":"une-plainte-en-justice-contre-naima-salhi-2","status":"publish","type":"post","link":"https:\/\/kabylietimes.com\/index.php\/2018\/03\/21\/une-plainte-en-justice-contre-naima-salhi-2\/","title":{"rendered":"Une plainte en justice contre Na\u00efma Salhi"},"content":{"rendered":"<p><span style=\"color: rgb(51,51,51); font-family: Arial,Helvetica,sans-serif; font-size: 15px; font-style: normal; font-variant-ligatures: normal; font-variant-caps: normal; font-weight: 400; letter-spacing: normal; orphans: 2text-indent: 0px; text-transform: none; white-space: normal; widows: 2; word-spacing: 0px; -webkit-text-stroke-width: 0px; text-decoration-style: initial; text-decoration-color: initial; display: inline!important; float: none; text-align: left;\">Le Congr\u00e8s mondial amazigh (CMA) saisit l\u2019opportunit\u00e9 offerte par la c\u00e9l\u00e9bration de la Journ\u00e9e internationale contre la discrimination raciale pour annoncer l\u2019information relative \u00e0 sa plainte contre la d\u00e9put\u00e9e Na\u00efma Salhi. Selon la pr\u00e9sidente du CMA, Mlle Kamira Na\u00eft Sid, c\u2019est lors d\u2019une conf\u00e9rence de presse, qui se tiendra aujourd\u2019hui au si\u00e8ge du PST B\u00e9ja\u00efa, \u00e0 partir de 11h, que le collectif d\u2019avocats, constitu\u00e9 \u00e0 cet effet, se prononcera sur la proc\u00e9dure en justice \u00e0 engager contre la parlementaire qui a d\u00e9clar\u00e9, r\u00e9cemment, qu\u2019elle tuerait sa fille plut\u00f4t que de lui permettre d\u2019apprendre le tamazight. Ces propos ont soulev\u00e9 une grande vague d\u2019indignation dans le pays. Pour le CMA, ce sont des paroles racistes et des d\u2019appels \u00e0 la haine raciale contre les Amazighs et les Kabyles en particulier. D\u2019o\u00f9 la d\u00e9marche de l\u2019organisation internationale. Notre interlocutrice a pr\u00e9cis\u00e9, en outre, que le CMA pr\u00e9sentera son rapport alternatif au Comit\u00e9 de l\u2019ONU contre le racisme et les discriminations raciales \u00e0 l\u2019encontre des Amazighs d\u2019Alg\u00e9rie (CERD), ainsi que les observations et les recommandations faites par le Comit\u00e9 CERD au gouvernement alg\u00e9rien.<\/span><\/p>\n<p>Source : Libert\u00e9 &#8211; Alg\u00e9rie<\/p>\n\n<div style=\"font-size: 0px; height: 0px; line-height: 0px; margin: 0; padding: 0; clear: both;\"><\/div>","protected":false},"excerpt":{"rendered":"<p>Le Congr\u00e8s mondial amazigh (CMA) saisit l\u2019opportunit\u00e9 offerte par la c\u00e9l\u00e9bration de la Journ\u00e9e internationale contre la discrimination raciale pour<\/p>\n","protected":false},"author":7,"featured_media":2718,"comment_status":"open","ping_status":"open","sticky":false,"template":"","format":"standard","meta":{"sfsi_plus_gutenberg_text_before_share":"","sfsi_plus_gutenberg_show_text_before_share":"","sfsi_plus_gutenberg_icon_type":"","sfsi_plus_gutenberg_icon_alignemt":"","sfsi_plus_gutenburg_max_per_row":""},"categories":[1],"tags":[30,735,31,217,736],"_links":{"self":[{"href":"https:\/\/kabylietimes.com\/index.php\/wp-json\/wp\/v2\/posts\/2721"}],"collection":[{"href":"https:\/\/kabylietimes.com\/index.php\/wp-json\/wp\/v2\/posts"}],"about":[{"href":"https:\/\/kabylietimes.com\/index.php\/wp-json\/wp\/v2\/types\/post"}],"author":[{"embeddable":true,"href":"https:\/\/kabylietimes.com\/index.php\/wp-json\/wp\/v2\/users\/7"}],"replies":[{"embeddable":true,"href":"https:\/\/kabylietimes.com\/index.php\/wp-json\/wp\/v2\/comments?post=2721"}],"version-history":[{"count":3,"href":"https:\/\/kabylietimes.com\/index.php\/wp-json\/wp\/v2\/posts\/2721\/revisions"}],"predecessor-version":[{"id":2724,"href":"https:\/\/kabylietimes.com\/index.php\/wp-json\/wp\/v2\/posts\/2721\/revisions\/2724"}],"wp:featuredmedia":[{"embeddable":true,"href":"https:\/\/kabylietimes.com\/index.php\/wp-json\/wp\/v2\/media\/2718"}],"wp:attachment":[{"href":"https:\/\/kabylietimes.com\/index.php\/wp-json\/wp\/v2\/media?parent=2721"}],"wp:term":[{"taxonomy":"category","embeddable":true,"href":"https:\/\/kabylietimes.com\/index.php\/wp-json\/wp\/v2\/categories?post=2721"},{"taxonomy":"post_tag","embeddable":true,"href":"https:\/\/kabylietimes.com\/index.php\/wp-json\/wp\/v2\/tags?post=2721"}],"curies":[{"name":"wp","href":"https:\/\/api.w.org\/{rel}","templated":true}]}}