{"id":2413,"date":"2017-10-20T16:29:51","date_gmt":"2017-10-20T14:29:51","guid":{"rendered":"https:\/\/kabylietimes.com\/?p=2413"},"modified":"2017-10-20T16:33:15","modified_gmt":"2017-10-20T14:33:15","slug":"idir-chantera-a-alger-en-janvier-2018","status":"publish","type":"post","link":"https:\/\/kabylietimes.com\/index.php\/2017\/10\/20\/idir-chantera-a-alger-en-janvier-2018\/","title":{"rendered":"Idir chantera \u00e0 Alger en janvier 2018"},"content":{"rendered":"<p><span style=\"background-color: rgb(255, 255, 255); color: rgb(51, 51, 51); font-family: &quot;Open Sans&quot;, Arial, sans-serif; font-size: 18.7px;\">Idir, animera le 12 janvier prochain \u00e0 Alger un concert qui marquera son retour sur sc\u00e8ne en Alg\u00e9rie apr\u00e8s une absence de 38 ans, a appris l&rsquo;APS aupr\u00e8s de l\u2019Onda (Office national des droits d\u2019auteur et droits voisins).<\/span><\/p>\n<p><span style=\"background-color: rgb(255, 255, 255); color: rgb(51, 51, 51); font-family: &quot;Open Sans&quot;, Arial, sans-serif; font-size: 1.1em;\">L&rsquo;interpr\u00e8te de l\u2019\u00e9ternelle \u00ab\u00a0Avava inouva\u00a0\u00bb, tube plan\u00e9taire interpr\u00e9t\u00e9 en 20 langues \u00e9trang\u00e8res, renoue avec son public lors d\u2019un concert \u00e0 la Coupole du complexe olympique Mohamed-Boudiaf \u00e0 l&rsquo;occasion de Yennayer, nouvel an amazigh c\u00e9l\u00e9br\u00e9 le 12 janvier.<\/span><\/p>\n<p style=\"border: 0px; font-family: &quot;Open Sans&quot;, Arial, sans-serif; font-size: 1.1em; margin: 10px 0px 1em; outline-color: initial; outline-style: initial; padding: 0px; vertical-align: baseline; -webkit-margin-before: 0px; -webkit-margin-after: 0px; line-height: 1.6em; color: rgb(51, 51, 51); background-color: rgb(255, 255, 255);\">Un coffret de CD contenant les oeuvres d\u2019Idir sera \u00e9dit\u00e9 \u00e0 cette occasion par l\u2019Onda.<\/p>\n<p style=\"border: 0px; font-family: &quot;Open Sans&quot;, Arial, sans-serif; font-size: 1.1em; margin: 10px 0px 1em; outline-color: initial; outline-style: initial; padding: 0px; vertical-align: baseline; -webkit-margin-before: 0px; -webkit-margin-after: 0px; line-height: 1.6em; color: rgb(51, 51, 51); background-color: rgb(255, 255, 255);\">\n<p style=\"border: 0px; font-family: &quot;Open Sans&quot;, Arial, sans-serif; font-size: 1.1em; margin: 10px 0px 1em; outline-color: initial; outline-style: initial; padding: 0px; vertical-align: baseline; -webkit-margin-before: 0px; -webkit-margin-after: 0px; line-height: 1.6em; color: rgb(51, 51, 51); background-color: rgb(255, 255, 255);\">\n<p style=\"border: 0px; font-family: &quot;Open Sans&quot;, Arial, sans-serif; font-size: 1.1em; margin: 10px 0px 1em; outline-color: initial; outline-style: initial; padding: 0px; vertical-align: baseline; -webkit-margin-before: 0px; -webkit-margin-after: 0px; line-height: 1.6em; color: rgb(51, 51, 51); background-color: rgb(255, 255, 255);\">\n<p style=\"border: 0px; font-family: &quot;Open Sans&quot;, Arial, sans-serif; font-size: 1.1em; margin: 10px 0px 1em; outline-color: initial; outline-style: initial; padding: 0px; vertical-align: baseline; -webkit-margin-before: 0px; -webkit-margin-after: 0px; line-height: 1.6em; color: rgb(51, 51, 51); background-color: rgb(255, 255, 255);\">\n<p style=\"border: 0px; font-family: &quot;Open Sans&quot;, Arial, sans-serif; font-size: 1.1em; margin: 10px 0px 1em; outline-color: initial; outline-style: initial; padding: 0px; vertical-align: baseline; -webkit-margin-before: 0px; -webkit-margin-after: 0px; line-height: 1.6em; color: rgb(51, 51, 51); background-color: rgb(255, 255, 255);\">En 40 ann\u00e9es de carri\u00e8re, Idir, de son vrai nom Hamid Cheriet, s&rsquo;est produit sur de nombreuses sc\u00e8nes internationales. Idir s\u2019est associ\u00e9 dans son dernier album \u00ab\u00a0Ici et ailleurs\u00a0\u00bb, sorti en avril dernier, \u00e0 des chanteurs fran\u00e7ais de renom comme Charles Aznavour, Francis Cabrel ou encore Benard Lavilliers.<\/p>\n<p style=\"border: 0px; font-family: &quot;Open Sans&quot;, Arial, sans-serif; font-size: 1.1em; margin: 10px 0px 1em; outline-color: initial; outline-style: initial; padding: 0px; vertical-align: baseline; -webkit-margin-before: 0px; -webkit-margin-after: 0px; line-height: 1.6em; color: rgb(51, 51, 51); background-color: rgb(255, 255, 255);\">\n<p style=\"border: 0px; font-family: &quot;Open Sans&quot;, Arial, sans-serif; font-size: 1.1em; margin: 10px 0px 1em; outline-color: initial; outline-style: initial; padding: 0px; vertical-align: baseline; -webkit-margin-before: 0px; -webkit-margin-after: 0px; line-height: 1.6em; color: rgb(51, 51, 51); background-color: rgb(255, 255, 255);\">\n<p style=\"border: 0px; font-family: &quot;Open Sans&quot;, Arial, sans-serif; font-size: 1.1em; margin: 10px 0px 1em; outline-color: initial; outline-style: initial; padding: 0px; vertical-align: baseline; -webkit-margin-before: 0px; -webkit-margin-after: 0px; line-height: 1.6em; color: rgb(51, 51, 51); background-color: rgb(255, 255, 255);\">\n<p style=\"border: 0px; font-family: &quot;Open Sans&quot;, Arial, sans-serif; font-size: 1.1em; margin: 10px 0px 1em; outline-color: initial; outline-style: initial; padding: 0px; vertical-align: baseline; -webkit-margin-before: 0px; -webkit-margin-after: 0px; line-height: 1.6em; color: rgb(51, 51, 51); background-color: rgb(255, 255, 255);\"><span style=\"border: 0px; font-family: inherit; font-size: 18.7px; font-style: inherit; font-weight: 700; margin: 0px; outline-color: initial; outline-style: initial; padding: 0px; vertical-align: baseline;\">APS<\/span><\/p>\n\n<div style=\"font-size: 0px; height: 0px; line-height: 0px; margin: 0; padding: 0; clear: both;\"><\/div>","protected":false},"excerpt":{"rendered":"<p>Idir, animera le 12 janvier prochain \u00e0 Alger un concert qui marquera son retour sur sc\u00e8ne en Alg\u00e9rie apr\u00e8s une<\/p>\n","protected":false},"author":7,"featured_media":2412,"comment_status":"open","ping_status":"open","sticky":false,"template":"","format":"standard","meta":{"sfsi_plus_gutenberg_text_before_share":"","sfsi_plus_gutenberg_show_text_before_share":"","sfsi_plus_gutenberg_icon_type":"","sfsi_plus_gutenberg_icon_alignemt":"","sfsi_plus_gutenburg_max_per_row":""},"categories":[26,575],"tags":[42,685,342],"_links":{"self":[{"href":"https:\/\/kabylietimes.com\/index.php\/wp-json\/wp\/v2\/posts\/2413"}],"collection":[{"href":"https:\/\/kabylietimes.com\/index.php\/wp-json\/wp\/v2\/posts"}],"about":[{"href":"https:\/\/kabylietimes.com\/index.php\/wp-json\/wp\/v2\/types\/post"}],"author":[{"embeddable":true,"href":"https:\/\/kabylietimes.com\/index.php\/wp-json\/wp\/v2\/users\/7"}],"replies":[{"embeddable":true,"href":"https:\/\/kabylietimes.com\/index.php\/wp-json\/wp\/v2\/comments?post=2413"}],"version-history":[{"count":3,"href":"https:\/\/kabylietimes.com\/index.php\/wp-json\/wp\/v2\/posts\/2413\/revisions"}],"predecessor-version":[{"id":2416,"href":"https:\/\/kabylietimes.com\/index.php\/wp-json\/wp\/v2\/posts\/2413\/revisions\/2416"}],"wp:featuredmedia":[{"embeddable":true,"href":"https:\/\/kabylietimes.com\/index.php\/wp-json\/wp\/v2\/media\/2412"}],"wp:attachment":[{"href":"https:\/\/kabylietimes.com\/index.php\/wp-json\/wp\/v2\/media?parent=2413"}],"wp:term":[{"taxonomy":"category","embeddable":true,"href":"https:\/\/kabylietimes.com\/index.php\/wp-json\/wp\/v2\/categories?post=2413"},{"taxonomy":"post_tag","embeddable":true,"href":"https:\/\/kabylietimes.com\/index.php\/wp-json\/wp\/v2\/tags?post=2413"}],"curies":[{"name":"wp","href":"https:\/\/api.w.org\/{rel}","templated":true}]}}