{"id":2386,"date":"2017-10-13T15:21:09","date_gmt":"2017-10-13T13:21:09","guid":{"rendered":"https:\/\/kabylietimes.com\/?p=2386"},"modified":"2017-10-13T21:58:30","modified_gmt":"2017-10-13T19:58:30","slug":"ferhat-mehenni-publie-un-nouveau-livre","status":"publish","type":"post","link":"https:\/\/kabylietimes.com\/index.php\/2017\/10\/13\/ferhat-mehenni-publie-un-nouveau-livre\/","title":{"rendered":"Ferhat Mehenni publie un nouveau livre"},"content":{"rendered":"<p><strong style=\"border: 0px; outline-color: initial; outline-style: initial; vertical-align: baseline; margin: 0px; padding: 0px; color: #000000; font-family: Roboto, sans-serif; font-size: small; text-align: justify; background-color: #f9f9f8;\">\u00ab Kabylie : le m\u00e9morandum pour l&rsquo;ind\u00e9pendance \u00bb est le nouveau livre de Ferhat Mehenni, qui sortira le 26 octobre prochain aux \u00e9ditions Fauves.<\/strong><\/p>\n<p><span style=\"background-color: #f9f9f8; color: #000000; font-family: Roboto, sans-serif; font-size: small; text-align: justify;\">Ferhat Mehenni, Pr\u00e9sident de l&rsquo;Anavad en exil avait d\u00e9j\u00e0 publi\u00e9 4 livres : \u00ab\u00a0Alg\u00e9rie : la question kabyle\u00a0\u00bb (2004), \u00ab\u00a0Le si\u00e8cle identitaire : la fin des Etats post-coloniaux\u00a0\u00bb (2011), \u00ab\u00a0La France va-t-elle perdre l\u2019Afrique?\u00a0\u00bb (2014) et\u00a0<\/span><span style=\"outline-color: initial; outline-style: initial; font-family: Roboto, sans-serif; border: 0px; vertical-align: baseline; margin: 0px; padding: 0px; color: #000000; font-size: small; text-align: justify; background-color: #f9f9f8;\">\u00ab\u00a0No\u00ebl en otage\u00a0\u00bb (2015).<\/span><br \/>\n<strong style=\"border: 0px; outline-color: initial; outline-style: initial; vertical-align: baseline; margin: 0px; padding: 0px; color: #000000; font-family: Roboto, sans-serif; font-size: small; text-align: justify; background-color: #f9f9f8;\"><br \/>\n<\/strong><\/p>\n\n<div style=\"font-size: 0px; height: 0px; line-height: 0px; margin: 0; padding: 0; clear: both;\"><\/div>","protected":false},"excerpt":{"rendered":"<p>\u00ab Kabylie : le m\u00e9morandum pour l&rsquo;ind\u00e9pendance \u00bb est le nouveau livre de Ferhat Mehenni, qui sortira le 26 octobre<\/p>\n","protected":false},"author":7,"featured_media":0,"comment_status":"closed","ping_status":"closed","sticky":false,"template":"","format":"standard","meta":{"sfsi_plus_gutenberg_text_before_share":"","sfsi_plus_gutenberg_show_text_before_share":"","sfsi_plus_gutenberg_icon_type":"","sfsi_plus_gutenberg_icon_alignemt":"","sfsi_plus_gutenburg_max_per_row":""},"categories":[26,17],"tags":[473,31,676,675],"_links":{"self":[{"href":"https:\/\/kabylietimes.com\/index.php\/wp-json\/wp\/v2\/posts\/2386"}],"collection":[{"href":"https:\/\/kabylietimes.com\/index.php\/wp-json\/wp\/v2\/posts"}],"about":[{"href":"https:\/\/kabylietimes.com\/index.php\/wp-json\/wp\/v2\/types\/post"}],"author":[{"embeddable":true,"href":"https:\/\/kabylietimes.com\/index.php\/wp-json\/wp\/v2\/users\/7"}],"replies":[{"embeddable":true,"href":"https:\/\/kabylietimes.com\/index.php\/wp-json\/wp\/v2\/comments?post=2386"}],"version-history":[{"count":2,"href":"https:\/\/kabylietimes.com\/index.php\/wp-json\/wp\/v2\/posts\/2386\/revisions"}],"predecessor-version":[{"id":2396,"href":"https:\/\/kabylietimes.com\/index.php\/wp-json\/wp\/v2\/posts\/2386\/revisions\/2396"}],"wp:attachment":[{"href":"https:\/\/kabylietimes.com\/index.php\/wp-json\/wp\/v2\/media?parent=2386"}],"wp:term":[{"taxonomy":"category","embeddable":true,"href":"https:\/\/kabylietimes.com\/index.php\/wp-json\/wp\/v2\/categories?post=2386"},{"taxonomy":"post_tag","embeddable":true,"href":"https:\/\/kabylietimes.com\/index.php\/wp-json\/wp\/v2\/tags?post=2386"}],"curies":[{"name":"wp","href":"https:\/\/api.w.org\/{rel}","templated":true}]}}