{"id":2318,"date":"2017-10-01T21:28:43","date_gmt":"2017-10-01T19:28:43","guid":{"rendered":"https:\/\/kabylietimes.com\/?p=2318"},"modified":"2017-10-01T21:33:18","modified_gmt":"2017-10-01T19:33:18","slug":"bejaia-cinq-terroristes-abattus-a-el-kseur","status":"publish","type":"post","link":"https:\/\/kabylietimes.com\/index.php\/2017\/10\/01\/bejaia-cinq-terroristes-abattus-a-el-kseur\/","title":{"rendered":"B\u00e9ja\u00efa : cinq terroristes abattus \u00e0 El Kseur"},"content":{"rendered":"<p><span style=\"background-color: rgb(255, 255, 255); color: rgb(51, 51, 51); font-family: Vollkorn; font-size: 18px;\"><b>Cinq dangereux terroristes ont \u00e9t\u00e9 abattus ce dimanche 1er octobre par l\u2019arm\u00e9e \u00e0 El Kseur \u00e0 25 km \u00e0 l\u2019Ouest de Bejaia, indique le MDN dans un communiqu\u00e9.<\/b><\/span><\/p>\n<p class=\"m_-2944147761894743741gmail-MsoNoSpacing\" style=\"background-repeat: no-repeat; box-sizing: inherit; margin: auto auto 18px; font-size: 18px; line-height: 30px; max-width: 700px; width: 336px; color: rgb(51, 51, 51); font-family: Vollkorn; background-color: rgb(255, 255, 255);\">\u201cDans le cadre de la lutte antiterroriste et suite \u00e0 une op\u00e9ration de recherche et de ratissage au niveau de la Da\u00efra d\u2019El-Kseur, wilaya de Beja\u00efa, un d\u00e9tachement de l\u2019Arm\u00e9e Nationale Populaire a abattu dans l\u2019apr\u00e8s midi de ce dimanche 1er octobre, cinq dangereux terroristes et r\u00e9cup\u00e9r\u00e9 cinq pistolets mitrailleurs de type kalachnikov munis chacun de trois chargeurs garnis\u201d, indique le MDN.&nbsp;<\/p>\n<p class=\"m_-2944147761894743741gmail-MsoNoSpacing\" style=\"background-repeat: no-repeat; box-sizing: inherit; margin: auto auto 18px; font-size: 18px; line-height: 30px; max-width: 700px; width: 336px; color: rgb(51, 51, 51); font-family: Vollkorn; background-color: rgb(255, 255, 255);\"><span style=\"font-family: Vollkorn;\">\u201cCette op\u00e9ration de qualit\u00e9 vient en continuit\u00e9 de celle du 28 septembre &nbsp;qui a permis l\u2019\u00e9limination d\u2019un terroriste et la r\u00e9cup\u00e9ration d\u2019un pistolet mitrailleur de type kalachnikov avec trois chargeurs garnis\u201d, affirme le communiqu\u00e9 du MDN<\/span><\/p>\n<p class=\"m_-2944147761894743741gmail-MsoNoSpacing\" style=\"background-repeat: no-repeat; box-sizing: inherit; margin: auto; font-size: 18px; line-height: 30px; max-width: 700px; width: 336px; color: rgb(51, 51, 51); font-family: Vollkorn; background-color: rgb(255, 255, 255);\">\u201cCes op\u00e9rations confirment les efforts de l\u2019Arm\u00e9e Nationale Populaire dans la poursuite de ces criminels et leur \u00e9limination \u00e0 travers tout le territoire national\u201d, lit-on dans le m\u00eame communiqu\u00e9.<\/p>\n<p class=\"m_-2944147761894743741gmail-MsoNoSpacing\" style=\"background-repeat: no-repeat; box-sizing: inherit; margin: auto auto 18px; font-size: 18px; line-height: 30px; max-width: 700px; width: 336px; color: rgb(51, 51, 51); font-family: Vollkorn; background-color: rgb(255, 255, 255);\">\n<p class=\"m_-2944147761894743741gmail-MsoNoSpacing\" style=\"background-repeat: no-repeat; box-sizing: inherit; margin: auto auto 18px; font-size: 18px; line-height: 30px; max-width: 700px; width: 336px; color: rgb(51, 51, 51); font-family: Vollkorn; background-color: rgb(255, 255, 255);\">\n\n<div style=\"font-size: 0px; height: 0px; line-height: 0px; margin: 0; padding: 0; clear: both;\"><\/div>","protected":false},"excerpt":{"rendered":"<p>Cinq dangereux terroristes ont \u00e9t\u00e9 abattus ce dimanche 1er octobre par l\u2019arm\u00e9e \u00e0 El Kseur \u00e0 25 km \u00e0 l\u2019Ouest<\/p>\n","protected":false},"author":7,"featured_media":2317,"comment_status":"open","ping_status":"open","sticky":false,"template":"","format":"standard","meta":{"sfsi_plus_gutenberg_text_before_share":"","sfsi_plus_gutenberg_show_text_before_share":"","sfsi_plus_gutenberg_icon_type":"","sfsi_plus_gutenberg_icon_alignemt":"","sfsi_plus_gutenburg_max_per_row":""},"categories":[26,17],"tags":[116,641,31,640],"_links":{"self":[{"href":"https:\/\/kabylietimes.com\/index.php\/wp-json\/wp\/v2\/posts\/2318"}],"collection":[{"href":"https:\/\/kabylietimes.com\/index.php\/wp-json\/wp\/v2\/posts"}],"about":[{"href":"https:\/\/kabylietimes.com\/index.php\/wp-json\/wp\/v2\/types\/post"}],"author":[{"embeddable":true,"href":"https:\/\/kabylietimes.com\/index.php\/wp-json\/wp\/v2\/users\/7"}],"replies":[{"embeddable":true,"href":"https:\/\/kabylietimes.com\/index.php\/wp-json\/wp\/v2\/comments?post=2318"}],"version-history":[{"count":2,"href":"https:\/\/kabylietimes.com\/index.php\/wp-json\/wp\/v2\/posts\/2318\/revisions"}],"predecessor-version":[{"id":2320,"href":"https:\/\/kabylietimes.com\/index.php\/wp-json\/wp\/v2\/posts\/2318\/revisions\/2320"}],"wp:featuredmedia":[{"embeddable":true,"href":"https:\/\/kabylietimes.com\/index.php\/wp-json\/wp\/v2\/media\/2317"}],"wp:attachment":[{"href":"https:\/\/kabylietimes.com\/index.php\/wp-json\/wp\/v2\/media?parent=2318"}],"wp:term":[{"taxonomy":"category","embeddable":true,"href":"https:\/\/kabylietimes.com\/index.php\/wp-json\/wp\/v2\/categories?post=2318"},{"taxonomy":"post_tag","embeddable":true,"href":"https:\/\/kabylietimes.com\/index.php\/wp-json\/wp\/v2\/tags?post=2318"}],"curies":[{"name":"wp","href":"https:\/\/api.w.org\/{rel}","templated":true}]}}