{"id":2065,"date":"2017-09-07T22:03:30","date_gmt":"2017-09-07T20:03:30","guid":{"rendered":"http:\/\/kabylietimes.com\/?p=2065"},"modified":"2017-09-07T22:04:17","modified_gmt":"2017-09-07T20:04:17","slug":"appel-a-se-rassembler-devant-lambassade-despagne-non-a-lextradition-de-salah-abbouna-khodir-sekkouti-vers-lalgerie","status":"publish","type":"post","link":"https:\/\/kabylietimes.com\/index.php\/2017\/09\/07\/appel-a-se-rassembler-devant-lambassade-despagne-non-a-lextradition-de-salah-abbouna-khodir-sekkouti-vers-lalgerie\/","title":{"rendered":"Appel \u00e0 se rassembler devant l\u2019Ambassade d\u2019Espagne : NON \u00e0 l\u2019extradition de Salah Abbouna et Khodir Sekkouti vers l\u2019Alg\u00e9rie !"},"content":{"rendered":"<div id=\"mtphr-dnt-78721\" class=\"mtphr-dnt mtphr-dnt-78721 mtphr-dnt-posts mtphr-dnt-scroll mtphr-dnt-scroll-left\">\n<div class=\"mtphr-dnt-wrapper mtphr-dnt-clearfix\">\n<div class=\"mtphr-dnt-tick-container\">\n<div class=\"mtphr-dnt-tick-contents\">\n<div class=\"mtphr-dnt-tick mtphr-dnt-posts-tick mtphr-dnt-clearfix \"><\/div>\n<div class=\"mtphr-dnt-tick mtphr-dnt-posts-tick mtphr-dnt-clearfix \">\n<div class=\"entry-content\">\n<p><ins class=\"adsbygoogle\" data-ad-client=\"ca-pub-5293389848421723\" data-ad-slot=\"7432660055\" data-ad-format=\"auto\" data-adsbygoogle-status=\"done\"><ins id=\"aswift_1_expand\"><ins id=\"aswift_1_anchor\"><\/ins><\/ins><\/ins><strong>COMMUNIQUE\u00a0 \u2013 Nous venons d\u2019apprendre qu\u2019avant le 15 septembre, les autorit\u00e9s espagnoles auront \u00e0 se prononcer sur la demande d\u2019extradition \u00e9manant de l\u2019\u00c9tat alg\u00e9rien visant Salah ABBOUNA et Khodhir SEKKOUTI, deux militants Mozabites connus pour leur combat pacifique et civique en faveur du M\u2019Zab et des droits humains, mais \u00ab r\u00e9clam\u00e9s \u00bb par la r\u00e9gence d\u2019Alger en tant que \u00ab dangereux terroristes \u00bb.\u00a0<\/strong><\/p>\n<p style=\"text-align: justify;\">Expert dans l\u2019art d\u2019inverser les r\u00f4les, l\u2019\u00c9tat alg\u00e9rien reproche en r\u00e9alit\u00e9 aux deux militants mozabites de d\u00e9noncer publiquement le terrorisme d\u2019\u00c9tat et l\u2019instrumentalisation de l\u2019islamisme sunnite contre le M\u2019Zab amazigh et ibadite. Ce sont leurs activit\u00e9s publiques en tant que militants et porte-paroles du Mouvement pour l\u2019Autonomie du Mzab (MAM), militants des droits humains et militants amazighs au sein de l\u2019Assembl\u00e9e Mondiale Amazighe (AMA) et du Congr\u00e8s Mondial Amazigh (CMA), qui g\u00eanent au plus haut point le gouvernement alg\u00e9rien. Contrairement aux vrais terroristes islamistes, \u00e0 l\u2019image de Madani Mezrag, sinistre \u00e9mir de l\u2019Arm\u00e9e islamique du salut (AIS), scandaleusement \u00ab absout \u00bb de ses crimes et officiellement \u00e9lev\u00e9 au rang de \u00ab personnalit\u00e9 politique nationale \u00bb par l\u2019\u00c9tat alg\u00e9rien lui-m\u00eame, Salah ABBOUNA et Khodhir SEKKOUTI n\u2019ont jamais \u00e9t\u00e9 impliqu\u00e9s dans aucune entreprise violente et n\u2019ont jamais souscrit \u00e0 l\u2019id\u00e9ologie islamo-terroriste. \u00c0 l\u2019inverse des milliers de terroristes islamistes amnisti\u00e9s et r\u00e9habilit\u00e9s par l\u2019\u00c9tat alg\u00e9rien apr\u00e8s 10 ann\u00e9es de massacres et plus de 200 000 victimes, le combat de S. ABBOUNA et K. SEKKOUTI n\u2019a jamais pr\u00f4n\u00e9 la haine et la violence. Au contraire, leur combat est tout entier tendu vers le respect et la d\u00e9fense pacifiques des droits et des libert\u00e9s d\u00e9mocratiques, culturels, identitaires et humains. C\u2019est pr\u00e9cis\u00e9ment ce que l\u2019Etat alg\u00e9rien leur reproche puisqu\u2019ils d\u00e9noncent publiquement le racisme, l\u2019arbitraire et les atteintes graves et multiples aux droits collectifs et individuels des Mozabites, tant par l\u2019\u00c9tat alg\u00e9rien que par ses sous-traitants islamistes. La d\u00e9marche du gouvernement alg\u00e9rien, fallacieuse dans le fond, bancale dans la forme et insidieuse dans ses objectifs, constitue une grossi\u00e8re tentative de d\u00e9tournement de la l\u00e9gitime mobilisation internationale contre le terrorisme islamiste afin de l\u2019instrumentaliser au service de ses propres desseins aux antipodes du droit, de la justice et de l\u2019\u00e9quit\u00e9.<\/p>\n<p style=\"text-align: justify;\">Visiblement, le Gouvernement alg\u00e9rien sous-estime gravement le professionnalisme et l\u2019esprit d\u2019\u00e9quit\u00e9 et d\u2019ind\u00e9pendance de la justice espagnole pour tenter un tel tour de passe-passe et demander, toute honte bue, l\u2019extradition de militants des droits humains, d\u00e9mocrates et pacifistes. C\u2019est pour d\u00e9noncer avec force, devant l\u2019opinion fran\u00e7aise, espagnole et plus g\u00e9n\u00e9ralement europ\u00e9enne, la machination diabolique et l\u2019instrumentalisation gravissime de l\u2019accusation de \u00ab terrorisme \u00bb qui vise les militants ABBOUNA et SEKKOUTI,\u00a0que les organisations et personnalit\u00e9s signataires du pr\u00e9sent texte appellent \u00e0\u00a0un rassemblement le samedi 9 septembre \u00e0 15h , devant l\u2019Ambassade d\u2019Espagne : 22 Avenue Marceau, 75008 Paris \u2013 M\u00e9tro ligne 9, Station Alma Marceau.<\/p>\n<p style=\"text-align: justify;\"><strong><u>Premiers Signataires<\/u>\u00a0:\u00a0<\/strong><\/p>\n<p style=\"text-align: justify;\"><strong>\u2013\u00a0\u00a0<\/strong><strong>Collectif des Amazighs en France<\/strong><strong>\u00a0(CAF)<br \/>\n\u2013\u00a0\u00a0Association \u00ab\u00a0Izmulen pour les Droits des At Mzab\u00a0\u00bb<br \/>\n\u2013\u00a0\u00a0Assembl\u00e9e Mondiale Amazighe (AMA)<br \/>\n\u2013\u00a0\u00a0Bouaziz A\u00eft-Chebib, ex-pr\u00e9sident du Mouvement pour l\u2019Autod\u00e9termination de la Kabylie (MAK)<br \/>\n\u2013\u00a0\u00a0\u00a0Le Comit\u00e9 de Soutien \u00e0 Khodir Sekkouti et Salah Abouna<br \/>\n\u2013\u00a0\u00a0\u00a0Le Comit\u00e9 de Soutien \u00e0 Kameldin fekhar et ses cod\u00e9tenus<br \/>\n\u2013\u00a0\u00a0\u00a0Association \u00ab\u00a0Chawis d\u2019ici et d\u2019ailleurs\u00a0\u00bb<br \/>\n\u2013\u00a0\u00a0\u00a0Said Doumane : professeur d\u2019\u00e9conomie et de langue berb\u00e8re ; militant de la cause identitaire et de la d\u00e9mocratie<br \/>\n\u2013\u00a0\u00a0\u00a0Aumer U Lamara\u00a0: \u00e9crivain\u00a0; animateur du MCB\u00a0; militant de la cause identitaire et de la d\u00e9mocratie<br \/>\n\u2013\u00a0\u00a0\u00a0Malika Baraka\u00a0: m\u00e9decin\u00a0; militante autonomiste\u00a0<\/strong><\/p>\n<\/div>\n<\/div>\n<\/div>\n<\/div>\n<\/div>\n<\/div>\n<div id=\"primary\" class=\"content-area column\"><\/div>\n\n<div style=\"font-size: 0px; height: 0px; line-height: 0px; margin: 0; padding: 0; clear: both;\"><\/div>","protected":false},"excerpt":{"rendered":"<p>COMMUNIQUE\u00a0 \u2013 Nous venons d\u2019apprendre qu\u2019avant le 15 septembre, les autorit\u00e9s espagnoles auront \u00e0 se prononcer sur la demande d\u2019extradition<\/p>\n","protected":false},"author":7,"featured_media":2066,"comment_status":"closed","ping_status":"closed","sticky":false,"template":"","format":"standard","meta":{"sfsi_plus_gutenberg_text_before_share":"","sfsi_plus_gutenberg_show_text_before_share":"","sfsi_plus_gutenberg_icon_type":"","sfsi_plus_gutenberg_icon_alignemt":"","sfsi_plus_gutenburg_max_per_row":""},"categories":[26],"tags":[],"_links":{"self":[{"href":"https:\/\/kabylietimes.com\/index.php\/wp-json\/wp\/v2\/posts\/2065"}],"collection":[{"href":"https:\/\/kabylietimes.com\/index.php\/wp-json\/wp\/v2\/posts"}],"about":[{"href":"https:\/\/kabylietimes.com\/index.php\/wp-json\/wp\/v2\/types\/post"}],"author":[{"embeddable":true,"href":"https:\/\/kabylietimes.com\/index.php\/wp-json\/wp\/v2\/users\/7"}],"replies":[{"embeddable":true,"href":"https:\/\/kabylietimes.com\/index.php\/wp-json\/wp\/v2\/comments?post=2065"}],"version-history":[{"count":2,"href":"https:\/\/kabylietimes.com\/index.php\/wp-json\/wp\/v2\/posts\/2065\/revisions"}],"predecessor-version":[{"id":2068,"href":"https:\/\/kabylietimes.com\/index.php\/wp-json\/wp\/v2\/posts\/2065\/revisions\/2068"}],"wp:featuredmedia":[{"embeddable":true,"href":"https:\/\/kabylietimes.com\/index.php\/wp-json\/wp\/v2\/media\/2066"}],"wp:attachment":[{"href":"https:\/\/kabylietimes.com\/index.php\/wp-json\/wp\/v2\/media?parent=2065"}],"wp:term":[{"taxonomy":"category","embeddable":true,"href":"https:\/\/kabylietimes.com\/index.php\/wp-json\/wp\/v2\/categories?post=2065"},{"taxonomy":"post_tag","embeddable":true,"href":"https:\/\/kabylietimes.com\/index.php\/wp-json\/wp\/v2\/tags?post=2065"}],"curies":[{"name":"wp","href":"https:\/\/api.w.org\/{rel}","templated":true}]}}