{"id":1741,"date":"2016-12-20T14:08:48","date_gmt":"2016-12-20T13:08:48","guid":{"rendered":"http:\/\/kabylietimes.com\/?p=1741"},"modified":"2016-12-20T16:50:42","modified_gmt":"2016-12-20T15:50:42","slug":"assassinat-de-lambassadeur-russe-gilbert-collard-lislamisme-nouveau-nazisme","status":"publish","type":"post","link":"https:\/\/kabylietimes.com\/index.php\/2016\/12\/20\/assassinat-de-lambassadeur-russe-gilbert-collard-lislamisme-nouveau-nazisme\/","title":{"rendered":"Assassinat de l&rsquo;ambassadeur russe : pour Gilbert Collard, l&rsquo;islamisme est un nouveau nazisme"},"content":{"rendered":"<p style=\"text-align: justify;\"><strong>\u00abIl faudrait qu&rsquo;il y ait une volont\u00e9 de toutes les nations pour \u00e9radiquer l&rsquo;extr\u00eamisme islamiste qui va semer la guerre partout\u00bb, mais les Europ\u00e9ens sont \u00abd\u00e9sarm\u00e9s, d\u00e9sarticul\u00e9s, d\u00e9sorganis\u00e9s\u00bb, s&rsquo;indigne le d\u00e9put\u00e9 Gilbert Collard.<\/strong><\/p>\n<p style=\"text-align: justify;\"><strong>RT France\u00a0: L&rsquo;ambassadeur russe en Turquie Andre\u00ef Karlov a \u00e9t\u00e9 tu\u00e9\u00a0par un islamiste radical, d&rsquo;apr\u00e8s les premiers \u00e9l\u00e9ments \u00e0 disposition. Comment peut-on lutter contre des crimes pareils\u00a0?<\/strong><\/p>\n<p style=\"text-align: justify;\"><strong>Gilbert Collard (G. C.)\u00a0:<\/strong> C&rsquo;est tr\u00e8s difficile de lutter contre une organisation aussi multiforme et qui maintenant r\u00e9ussit \u00e0 s&rsquo;infiltrer dans des structures d&rsquo;Etat de pays, puisque l&rsquo;auteur du crime terroriste contre l&rsquo;ambassadeur de Russie en Turquie \u00e9tait un policier. Cela prend une dimension tout-\u00e0-fait angoissante, vu la pr\u00e9sence au sein m\u00eame des forces de l&rsquo;ordre de possibles terroristes infiltr\u00e9s. Il faudrait vraiment qu&rsquo;il y ait une volont\u00e9 de toutes les nations pour \u00e9radiquer une fois pour toutes cet extr\u00eamisme islamiste qui va semer la guerre partout. Malheureusement actuellement les nations, pour un tas de raisons, ne s&rsquo;entendent pas dans cette lutte contre un nouveau nazisme, il n&rsquo;y a pas d&rsquo;autres mots.<\/p>\n<p style=\"text-align: justify;\"><strong>\u00ab\u00a0La Russie va exiger une vraie clarification de la part de la Turquie, parce qu&rsquo;il ne faut pas que celle-ci suive le double jeu\u00a0\u00bb<\/strong><\/p>\n<p style=\"text-align: justify;\"><strong>RT France\u00a0: La Turquie promet d&rsquo;enqu\u00eater sur le meurtre de l&rsquo;ambassadeur. La France et les pays occidentaux, que doivent-ils faire \u00e0 leur tour\u00a0?<\/strong><\/p>\n<p style=\"text-align: justify;\"><strong>G. C.\u00a0:<\/strong> D&rsquo;abord, je voudrais dire toute ma peine au peuple russe, qui est un peuple ami, dont on partage l&rsquo;histoire et la culture. Les nations europ\u00e9ennes ne font rien, comme d&rsquo;habitude. Elles parleront, elles feront de la morale verbale, mais ne feront rien, car elles sont compl\u00e8tement d\u00e9sarm\u00e9es, d\u00e9sarticul\u00e9es, d\u00e9sorganis\u00e9es, ce qui est tout-\u00e0-fait dramatique.<\/p>\n<blockquote><p>\u00ab\u00a0Les m\u00e9dias occidentaux vont avoir du mal \u00e0 continuer \u00e0 vendre leur propagande tr\u00e8s hostile \u00e0 la Russie\u00a0\u00bb<\/p><\/blockquote>\n<p style=\"text-align: justify;\"><strong>RT France\u00a0: Cet assassinat va-t-il influencer les relations entre la Russie et la Turquie, entre la Russie et l&rsquo;Occident\u00a0?<\/strong><\/p>\n<p style=\"text-align: justify;\"><strong>G. C.\u00a0:<\/strong> Il y a eu un rapprochement apr\u00e8s les tensions entre la Russie et la Turquie. La Russie, qui est une grande nation tr\u00e8s lucide et tr\u00e8s politique, va exiger une vraie clarification de la part de la Turquie, parce qu&rsquo;il ne faut pas qu&rsquo;elle suive le double jeu, et j&rsquo;ai l&rsquo;impression que les m\u00e9dias occidentaux vont avoir du mal \u00e0 continuer \u00e0 vendre leur propagande tr\u00e8s hostile \u00e0 la Russie pour des raisons qui rel\u00e8vent d&rsquo;un aveuglement total. Peut-\u00eatre que ce drame va permettre aux uns et aux autres de se poser les bonnes questions.<\/p>\n<p style=\"text-align: justify;\">Entretien r\u00e9alis\u00e9 par RT.<\/p>\n\n<div style=\"font-size: 0px; height: 0px; line-height: 0px; margin: 0; padding: 0; clear: both;\"><\/div>","protected":false},"excerpt":{"rendered":"<p>\u00abIl faudrait qu&rsquo;il y ait une volont\u00e9 de toutes les nations pour \u00e9radiquer l&rsquo;extr\u00eamisme islamiste qui va semer la guerre<\/p>\n","protected":false},"author":1,"featured_media":1743,"comment_status":"open","ping_status":"open","sticky":false,"template":"","format":"standard","meta":{"sfsi_plus_gutenberg_text_before_share":"","sfsi_plus_gutenberg_show_text_before_share":"","sfsi_plus_gutenberg_icon_type":"","sfsi_plus_gutenberg_icon_alignemt":"","sfsi_plus_gutenburg_max_per_row":""},"categories":[26,21],"tags":[522,493,86,524,520,521,523,173,525],"_links":{"self":[{"href":"https:\/\/kabylietimes.com\/index.php\/wp-json\/wp\/v2\/posts\/1741"}],"collection":[{"href":"https:\/\/kabylietimes.com\/index.php\/wp-json\/wp\/v2\/posts"}],"about":[{"href":"https:\/\/kabylietimes.com\/index.php\/wp-json\/wp\/v2\/types\/post"}],"author":[{"embeddable":true,"href":"https:\/\/kabylietimes.com\/index.php\/wp-json\/wp\/v2\/users\/1"}],"replies":[{"embeddable":true,"href":"https:\/\/kabylietimes.com\/index.php\/wp-json\/wp\/v2\/comments?post=1741"}],"version-history":[{"count":4,"href":"https:\/\/kabylietimes.com\/index.php\/wp-json\/wp\/v2\/posts\/1741\/revisions"}],"predecessor-version":[{"id":1750,"href":"https:\/\/kabylietimes.com\/index.php\/wp-json\/wp\/v2\/posts\/1741\/revisions\/1750"}],"wp:featuredmedia":[{"embeddable":true,"href":"https:\/\/kabylietimes.com\/index.php\/wp-json\/wp\/v2\/media\/1743"}],"wp:attachment":[{"href":"https:\/\/kabylietimes.com\/index.php\/wp-json\/wp\/v2\/media?parent=1741"}],"wp:term":[{"taxonomy":"category","embeddable":true,"href":"https:\/\/kabylietimes.com\/index.php\/wp-json\/wp\/v2\/categories?post=1741"},{"taxonomy":"post_tag","embeddable":true,"href":"https:\/\/kabylietimes.com\/index.php\/wp-json\/wp\/v2\/tags?post=1741"}],"curies":[{"name":"wp","href":"https:\/\/api.w.org\/{rel}","templated":true}]}}