{"id":1571,"date":"2016-12-13T15:36:08","date_gmt":"2016-12-13T14:36:08","guid":{"rendered":"http:\/\/kabylietimes.com\/?p=1571"},"modified":"2016-12-13T19:47:24","modified_gmt":"2016-12-13T18:47:24","slug":"affaire-tamalt-louh-promet-lapplication-de-loi","status":"publish","type":"post","link":"https:\/\/kabylietimes.com\/index.php\/2016\/12\/13\/affaire-tamalt-louh-promet-lapplication-de-loi\/","title":{"rendered":"Affaire Tamalt: Louh promet l\u2019application de la loi"},"content":{"rendered":"<p style=\"text-align: justify;\">Le ministre de la justice, garde des Sceaux, Tayeb Louh, a r\u00e9agi mardi \u00e0 la plainte d\u00e9pos\u00e9e par Abdelkader Tamalt, le fr\u00e8re du d\u00e9funt Mohamed Tamalt.<\/p>\n<p style=\"text-align: justify;\">\u00ab<em>Nous allons appliquer la loi concernant la plainte d\u00e9pos\u00e9e par le fr\u00e8re du d\u00e9funt<\/em>\u00bb, a d\u00e9clar\u00e9 le ministre, ajoutant qu\u2019<em>\u00a0\u00abOn attend les r\u00e9sultats de l\u2019autopsie du d\u00e9funt.\u00bb<\/em><\/p>\n<p style=\"text-align: justify;\">Tayeb Louh\u00a0rappelle en outre que\u00a0<em>\u00abL\u2019arrestation du journaliste \u00e9tait conforme \u00e0 la loi, et qu\u2019il faisait l\u2019objet d\u2019un suivi m\u00e9dical.\u00bb<\/em><\/p>\n<p style=\"text-align: justify;\">Lire aussi :\u00a0<a href=\"http:\/\/kabylietimes.com\/index.php\/2016\/12\/11\/journaliste-mohamed-tamalt-decede-detention\/\">Le journaliste Mohamed Tamalt d\u00e9c\u00e9d\u00e9 en d\u00e9tention <\/a><\/p>\n\n<div style=\"font-size: 0px; height: 0px; line-height: 0px; margin: 0; padding: 0; clear: both;\"><\/div>","protected":false},"excerpt":{"rendered":"<p>Le ministre de la justice, garde des Sceaux, Tayeb Louh, a r\u00e9agi mardi \u00e0 la plainte d\u00e9pos\u00e9e par Abdelkader Tamalt,<\/p>\n","protected":false},"author":1,"featured_media":1572,"comment_status":"closed","ping_status":"closed","sticky":false,"template":"","format":"standard","meta":{"sfsi_plus_gutenberg_text_before_share":"","sfsi_plus_gutenberg_show_text_before_share":"","sfsi_plus_gutenberg_icon_type":"","sfsi_plus_gutenberg_icon_alignemt":"","sfsi_plus_gutenburg_max_per_row":""},"categories":[26,448],"tags":[260,466,467],"_links":{"self":[{"href":"https:\/\/kabylietimes.com\/index.php\/wp-json\/wp\/v2\/posts\/1571"}],"collection":[{"href":"https:\/\/kabylietimes.com\/index.php\/wp-json\/wp\/v2\/posts"}],"about":[{"href":"https:\/\/kabylietimes.com\/index.php\/wp-json\/wp\/v2\/types\/post"}],"author":[{"embeddable":true,"href":"https:\/\/kabylietimes.com\/index.php\/wp-json\/wp\/v2\/users\/1"}],"replies":[{"embeddable":true,"href":"https:\/\/kabylietimes.com\/index.php\/wp-json\/wp\/v2\/comments?post=1571"}],"version-history":[{"count":4,"href":"https:\/\/kabylietimes.com\/index.php\/wp-json\/wp\/v2\/posts\/1571\/revisions"}],"predecessor-version":[{"id":1583,"href":"https:\/\/kabylietimes.com\/index.php\/wp-json\/wp\/v2\/posts\/1571\/revisions\/1583"}],"wp:featuredmedia":[{"embeddable":true,"href":"https:\/\/kabylietimes.com\/index.php\/wp-json\/wp\/v2\/media\/1572"}],"wp:attachment":[{"href":"https:\/\/kabylietimes.com\/index.php\/wp-json\/wp\/v2\/media?parent=1571"}],"wp:term":[{"taxonomy":"category","embeddable":true,"href":"https:\/\/kabylietimes.com\/index.php\/wp-json\/wp\/v2\/categories?post=1571"},{"taxonomy":"post_tag","embeddable":true,"href":"https:\/\/kabylietimes.com\/index.php\/wp-json\/wp\/v2\/tags?post=1571"}],"curies":[{"name":"wp","href":"https:\/\/api.w.org\/{rel}","templated":true}]}}