{"id":1384,"date":"2016-12-08T20:26:56","date_gmt":"2016-12-08T19:26:56","guid":{"rendered":"http:\/\/kabylietimes.com\/?p=1384"},"modified":"2016-12-08T20:26:56","modified_gmt":"2016-12-08T19:26:56","slug":"video-rachid-nekkaz-kidnnappe-expulse-vers-france","status":"publish","type":"post","link":"https:\/\/kabylietimes.com\/index.php\/2016\/12\/08\/video-rachid-nekkaz-kidnnappe-expulse-vers-france\/","title":{"rendered":"(vid\u00e9o) Rachid Nekkaz kidnnapp\u00e9 puis expuls\u00e9 vers la France"},"content":{"rendered":"<p style=\"text-align: justify;\">Rachid Nekkaz,\u00a0l\u2019ancien candidat \u00e0 la pr\u00e9sidentielle alg\u00e9rienne de 2014 et ex-candidat \u00e0 la pr\u00e9sidentielle fran\u00e7aise de 2007 a \u00e9t\u00e9 \u00ab\u00a0kidnapp\u00e9 et expuls\u00e9, aujour&rsquo;hui, par les autorit\u00e9s alg\u00e9rienne\u00a0\u00bb, selon une d\u00e9claration qu\u2019il a faite \u00e0 travers une vid\u00e9o\u00a0 publi\u00e9e sur sa page facebook\u00a0 depuis l\u2019a\u00e9roport d\u2019Alger.<\/p>\n<p style=\"text-align: justify;\">Nekkaz a, par ailleurs, accus\u00e9 le premier ministre alg\u00e9rien ainsi que le chef de cabinet du Pr\u00e9sident, Ahmed Ouyahia, d\u2019avoir donn\u00e9 l\u2019ordre aux services de s\u00e9curit\u00e9 de le conduire vers l\u2019a\u00e9roport d\u2019Alger: \u00ab Je suis oblig\u00e9 de prendre un vol pour Paris \u00bb, a-t-il affirm\u00e9. \u00ab On m\u2019a renvoy\u00e9 de mon pays en me disant qu\u2019il faut repartir vers la France. C\u2019est-\u00e0-dire que je suis un \u00e9tranger. C\u2019est grave \u00bb, a-t-il ajout\u00e9.<\/p>\n<p style=\"text-align: justify;\">En effet, \u00abRachid Nekkaz doit rentrer en France pour continuer \u00e0 \u00a0payer les amendes pour les femmes voil\u00e9es\u00bb, nous dira une source proche de la pr\u00e9sidence !<\/p>\n<p>&nbsp;<\/p>\n<div class=\"fitvids-video\"><iframe loading=\"lazy\" width=\"800\" height=\"600\" src=\"https:\/\/www.youtube.com\/embed\/ZbWE8IDdQBk?feature=oembed\" frameborder=\"0\" allowfullscreen><\/iframe><\/div>\n\n<div style=\"font-size: 0px; height: 0px; line-height: 0px; margin: 0; padding: 0; clear: both;\"><\/div>","protected":false},"excerpt":{"rendered":"<p>Rachid Nekkaz,\u00a0l\u2019ancien candidat \u00e0 la pr\u00e9sidentielle alg\u00e9rienne de 2014 et ex-candidat \u00e0 la pr\u00e9sidentielle fran\u00e7aise de 2007 a \u00e9t\u00e9 \u00ab\u00a0kidnapp\u00e9<\/p>\n","protected":false},"author":1,"featured_media":1385,"comment_status":"closed","ping_status":"closed","sticky":false,"template":"","format":"standard","meta":{"sfsi_plus_gutenberg_text_before_share":"","sfsi_plus_gutenberg_show_text_before_share":"","sfsi_plus_gutenberg_icon_type":"","sfsi_plus_gutenberg_icon_alignemt":"","sfsi_plus_gutenburg_max_per_row":""},"categories":[26],"tags":[401,399,30,37,402,39,31,403,400,396,398,36,397,97],"_links":{"self":[{"href":"https:\/\/kabylietimes.com\/index.php\/wp-json\/wp\/v2\/posts\/1384"}],"collection":[{"href":"https:\/\/kabylietimes.com\/index.php\/wp-json\/wp\/v2\/posts"}],"about":[{"href":"https:\/\/kabylietimes.com\/index.php\/wp-json\/wp\/v2\/types\/post"}],"author":[{"embeddable":true,"href":"https:\/\/kabylietimes.com\/index.php\/wp-json\/wp\/v2\/users\/1"}],"replies":[{"embeddable":true,"href":"https:\/\/kabylietimes.com\/index.php\/wp-json\/wp\/v2\/comments?post=1384"}],"version-history":[{"count":1,"href":"https:\/\/kabylietimes.com\/index.php\/wp-json\/wp\/v2\/posts\/1384\/revisions"}],"predecessor-version":[{"id":1386,"href":"https:\/\/kabylietimes.com\/index.php\/wp-json\/wp\/v2\/posts\/1384\/revisions\/1386"}],"wp:featuredmedia":[{"embeddable":true,"href":"https:\/\/kabylietimes.com\/index.php\/wp-json\/wp\/v2\/media\/1385"}],"wp:attachment":[{"href":"https:\/\/kabylietimes.com\/index.php\/wp-json\/wp\/v2\/media?parent=1384"}],"wp:term":[{"taxonomy":"category","embeddable":true,"href":"https:\/\/kabylietimes.com\/index.php\/wp-json\/wp\/v2\/categories?post=1384"},{"taxonomy":"post_tag","embeddable":true,"href":"https:\/\/kabylietimes.com\/index.php\/wp-json\/wp\/v2\/tags?post=1384"}],"curies":[{"name":"wp","href":"https:\/\/api.w.org\/{rel}","templated":true}]}}