{"id":1268,"date":"2016-12-03T18:54:10","date_gmt":"2016-12-03T17:54:10","guid":{"rendered":"http:\/\/kabylietimes.com\/?p=1268"},"modified":"2016-12-03T19:30:37","modified_gmt":"2016-12-03T18:30:37","slug":"famille-expulsee-maire-de-bejaia-reagit","status":"publish","type":"post","link":"https:\/\/kabylietimes.com\/index.php\/2016\/12\/03\/famille-expulsee-maire-de-bejaia-reagit\/","title":{"rendered":"Famille expuls\u00e9e: le maire de B\u00e9jaia r\u00e9agit"},"content":{"rendered":"<p style=\"text-align: justify;\">Il a fallu\u00a0 trois jours pour que l\u2019APC de B\u00e9jaia r\u00e9agisse \u00e0\u00a0 propos de la famille Sidane expuls\u00e9e, de force, jeudi dernier, \u00a0par les services de s\u00e9curit\u00e9 en pr\u00e9sence d\u2019un huissier de justice.<\/p>\n<p style=\"text-align: justify;\">En effent,\u00a0 la cellule de communication de l\u2019APC de B\u00e9jaia vient de rendre public un communiqu\u00e9 dans lequel il est indiqu\u00e9 que\u00a0: \u00ab\u00a0le Pr\u00e9sident de l&rsquo;assembl\u00e9e populaire communale de Bejaia, M. Abdelhamid MEROUANI recevra, ce dimanche 04 d\u00e9cembre, en son bureau les membres de la famille expuls\u00e9s de leur maison situ\u00e9e au niveau de la rue Idjraoui, et ce, afin d&rsquo;examiner toutes les voies possibles pour les reloger\u00a0\u00bb, peut on lire dans le communiqu\u00e9.<\/p>\n<h2 style=\"text-align: justify;\"><a href=\"http:\/\/kabylietimes.com\/index.php\/2016\/12\/02\/bejaia-famille-sidane-sest-expulser\/\">Lire aussi : \u00a0B\u00e9jaia: Pourquoi la famille Sidane s\u2019est-elle fait expulser?<\/a><\/h2>\n<p style=\"text-align: justify;\">Les responsables \u00e0\u00a0 la t\u00eate de la mairie de B\u00e9jaia semblent \u00eatre inquiets de la situation de \u00a0cette famille qui se retrouve actuellement dans la rue:\u00ab\u00a0S&rsquo;agissant d&rsquo;une famille avec des enfants en bas \u00e2ge, une d\u00e9cision sera prise pour les r\u00e9conforter en cette p\u00e9riode d&rsquo;hivers. Un communiqu\u00e9 de presse sera rendu public \u00e0 ce sujet\u00a0\u00bb, souligne la m\u00eame source.<\/p>\n<p style=\"text-align: justify;\">Ameksa<\/p>\n<p style=\"text-align: justify;\">\n\n<div style=\"font-size: 0px; height: 0px; line-height: 0px; margin: 0; padding: 0; clear: both;\"><\/div>","protected":false},"excerpt":{"rendered":"<p>Il a fallu\u00a0 trois jours pour que l\u2019APC de B\u00e9jaia r\u00e9agisse \u00e0\u00a0 propos de la famille Sidane expuls\u00e9e, de force,<\/p>\n","protected":false},"author":1,"featured_media":1282,"comment_status":"closed","ping_status":"closed","sticky":false,"template":"","format":"standard","meta":{"sfsi_plus_gutenberg_text_before_share":"","sfsi_plus_gutenberg_show_text_before_share":"","sfsi_plus_gutenberg_icon_type":"","sfsi_plus_gutenberg_icon_alignemt":"","sfsi_plus_gutenburg_max_per_row":""},"categories":[26,17],"tags":[359,144,116,324,325,358,89,326],"_links":{"self":[{"href":"https:\/\/kabylietimes.com\/index.php\/wp-json\/wp\/v2\/posts\/1268"}],"collection":[{"href":"https:\/\/kabylietimes.com\/index.php\/wp-json\/wp\/v2\/posts"}],"about":[{"href":"https:\/\/kabylietimes.com\/index.php\/wp-json\/wp\/v2\/types\/post"}],"author":[{"embeddable":true,"href":"https:\/\/kabylietimes.com\/index.php\/wp-json\/wp\/v2\/users\/1"}],"replies":[{"embeddable":true,"href":"https:\/\/kabylietimes.com\/index.php\/wp-json\/wp\/v2\/comments?post=1268"}],"version-history":[{"count":6,"href":"https:\/\/kabylietimes.com\/index.php\/wp-json\/wp\/v2\/posts\/1268\/revisions"}],"predecessor-version":[{"id":1285,"href":"https:\/\/kabylietimes.com\/index.php\/wp-json\/wp\/v2\/posts\/1268\/revisions\/1285"}],"wp:featuredmedia":[{"embeddable":true,"href":"https:\/\/kabylietimes.com\/index.php\/wp-json\/wp\/v2\/media\/1282"}],"wp:attachment":[{"href":"https:\/\/kabylietimes.com\/index.php\/wp-json\/wp\/v2\/media?parent=1268"}],"wp:term":[{"taxonomy":"category","embeddable":true,"href":"https:\/\/kabylietimes.com\/index.php\/wp-json\/wp\/v2\/categories?post=1268"},{"taxonomy":"post_tag","embeddable":true,"href":"https:\/\/kabylietimes.com\/index.php\/wp-json\/wp\/v2\/tags?post=1268"}],"curies":[{"name":"wp","href":"https:\/\/api.w.org\/{rel}","templated":true}]}}