{"id":1149,"date":"2016-12-01T12:29:40","date_gmt":"2016-12-01T11:29:40","guid":{"rendered":"http:\/\/kabylietimes.com\/?p=1149"},"modified":"2016-12-01T12:41:07","modified_gmt":"2016-12-01T11:41:07","slug":"bejaia-lhomme-qui-sest-immole-par-le-feu-est-mort","status":"publish","type":"post","link":"https:\/\/kabylietimes.com\/index.php\/2016\/12\/01\/bejaia-lhomme-qui-sest-immole-par-le-feu-est-mort\/","title":{"rendered":"B\u00e9jaia : l&rsquo;homme qui s&rsquo;est immol\u00e9 par le feu est mort."},"content":{"rendered":"<p style=\"text-align: justify;\">Un jeune homme de 34 ans est mort apr\u00e8s s\u2019\u00eatre immol\u00e9 par le feu, mercredi dernier, dans le port p\u00e9trolier de B\u00e9ja\u00efa, a indiqu\u00e9 une source polici\u00e8re, pr\u00e9cisant que la victime a succomb\u00e9 \u00e0 ses blessures, dans la matin\u00e9e de dimanche, alors qu\u2019elle \u00e9tait admise au service de r\u00e9animation du CHU Khellil-Amrane de B\u00e9ja\u00efa.<\/p>\n<p style=\"text-align: justify;\">L&rsquo;individu en question \u00e9tait un employ\u00e9 au sein l\u2019Entreprise portuaire de B\u00e9ja\u00efa (EPB), mari\u00e9 sans enfant, n\u2019a rien trouv\u00e9 de mieux pour se donner la mort que de s\u2019immoler par le feu en s\u2019aspergeant d\u2019essence avant de mettre le feu \u00e0 son corps sur son lieu professionnel.<br \/>\nLes \u00e9l\u00e9ments de la Police aux \u00a0fronti\u00e8res (PAF), en faction dans la zone portuaire, ont aussit\u00f4t accouru pour tenter de sauver l\u2019infortun\u00e9. En vain\u00a0! Ce dernier sera transf\u00e9r\u00e9 aux urgences du CHU de B\u00e9ja\u00efa dans un \u00e9tat critique, puisque br\u00fbl\u00e9 au 4e degr\u00e9, affirme-t-on.<\/p>\n<p style=\"text-align: justify;\">Le mobile de cet acte reste inconnu. Mais selon certaines indiscr\u00e9tions, le d\u00e9funt, qui souffrait d\u00e9j\u00e0 d\u2019ant\u00e9c\u00e9dents psychiatriques, connaissait ces derniers temps des probl\u00e8mes d\u2019ordre familial. Une information qui reste \u00e0 confirmer ou \u00a0\u00e0 \u00a0infirmer.<\/p>\n<p style=\"text-align: justify;\"><a href=\"http:\/\/www.liberte-algerie.com\/\">K.O<\/a><\/p>\n\n<div style=\"font-size: 0px; height: 0px; line-height: 0px; margin: 0; padding: 0; clear: both;\"><\/div>","protected":false},"excerpt":{"rendered":"<p>Un jeune homme de 34 ans est mort apr\u00e8s s\u2019\u00eatre immol\u00e9 par le feu, mercredi dernier, dans le port p\u00e9trolier<\/p>\n","protected":false},"author":1,"featured_media":1153,"comment_status":"closed","ping_status":"closed","sticky":false,"template":"","format":"standard","meta":{"sfsi_plus_gutenberg_text_before_share":"","sfsi_plus_gutenberg_show_text_before_share":"","sfsi_plus_gutenberg_icon_type":"","sfsi_plus_gutenberg_icon_alignemt":"","sfsi_plus_gutenburg_max_per_row":""},"categories":[26,17],"tags":[30,304,116,302,299,300,301,31,303,46,298,297],"_links":{"self":[{"href":"https:\/\/kabylietimes.com\/index.php\/wp-json\/wp\/v2\/posts\/1149"}],"collection":[{"href":"https:\/\/kabylietimes.com\/index.php\/wp-json\/wp\/v2\/posts"}],"about":[{"href":"https:\/\/kabylietimes.com\/index.php\/wp-json\/wp\/v2\/types\/post"}],"author":[{"embeddable":true,"href":"https:\/\/kabylietimes.com\/index.php\/wp-json\/wp\/v2\/users\/1"}],"replies":[{"embeddable":true,"href":"https:\/\/kabylietimes.com\/index.php\/wp-json\/wp\/v2\/comments?post=1149"}],"version-history":[{"count":5,"href":"https:\/\/kabylietimes.com\/index.php\/wp-json\/wp\/v2\/posts\/1149\/revisions"}],"predecessor-version":[{"id":1157,"href":"https:\/\/kabylietimes.com\/index.php\/wp-json\/wp\/v2\/posts\/1149\/revisions\/1157"}],"wp:featuredmedia":[{"embeddable":true,"href":"https:\/\/kabylietimes.com\/index.php\/wp-json\/wp\/v2\/media\/1153"}],"wp:attachment":[{"href":"https:\/\/kabylietimes.com\/index.php\/wp-json\/wp\/v2\/media?parent=1149"}],"wp:term":[{"taxonomy":"category","embeddable":true,"href":"https:\/\/kabylietimes.com\/index.php\/wp-json\/wp\/v2\/categories?post=1149"},{"taxonomy":"post_tag","embeddable":true,"href":"https:\/\/kabylietimes.com\/index.php\/wp-json\/wp\/v2\/tags?post=1149"}],"curies":[{"name":"wp","href":"https:\/\/api.w.org\/{rel}","templated":true}]}}