{"id":1119,"date":"2016-11-29T23:32:33","date_gmt":"2016-11-29T22:32:33","guid":{"rendered":"http:\/\/kabylietimes.com\/?p=1119"},"modified":"2016-11-29T23:33:55","modified_gmt":"2016-11-29T22:33:55","slug":"manuel-valls-ecorche-nom-president-tunisien-prononcant-ezzibi-signifie-zizi","status":"publish","type":"post","link":"https:\/\/kabylietimes.com\/index.php\/2016\/11\/29\/manuel-valls-ecorche-nom-president-tunisien-prononcant-ezzibi-signifie-zizi\/","title":{"rendered":"Manuel Valls \u00e9corche le nom du pr\u00e9sident tunisien en pronon\u00e7ant \u00abEzzibi\u00bb qui signifie \u00abzizi\u00bb"},"content":{"rendered":"<p style=\"text-align: justify;\">D\u00e9j\u00e0 sous le feu des projecteurs ce week-end apr\u00e8s l\u2019annonce de sa possible candidature \u00e0 la primaire de gauche, Manuel Valls continue \u00e0 faire parler de lui, m\u00eame de l\u2019autre c\u00f4t\u00e9 de la M\u00e9diterran\u00e9e.<\/p>\n<p style=\"text-align: justify;\">En voyage en Tunisie pour assister \u00e0 une conf\u00e9rence internationale d\u2019investisseurs destin\u00e9e \u00e0 soutenir l\u2019\u00e9conomie du pays, le Premier ministre fran\u00e7ais s\u2019est fait remarquer lors de son discours.<\/p>\n<p style=\"text-align: justify;\">Alors qu\u2019il parlait de son entretien avec le pr\u00e9sident B\u00e9ji Caied Essebsi, Manuel Valls a provoqu\u00e9 l\u2019hilarit\u00e9 dans l\u2019assistance en faisant une erreur de prononciation dans le nom du pr\u00e9sident tunisien. \u00ab Je viens de rencontrer le pr\u00e9sident de la R\u00e9publique, BCE comme on dit ici : B\u00e9ji Caied Ezzibi [au lieu de Essebsi] \u00bb.<\/p>\n<p style=\"text-align: justify;\">Des rires dans le public Une bourde qui a beaucoup fait rire le public puisque \u00ab Ezzibi \u00bb en dialecte tunisien fait r\u00e9f\u00e9rence au sexe masculin.<\/p>\n<p>&nbsp;<\/p>\n<div class=\"fitvids-video\"><iframe loading=\"lazy\" width=\"800\" height=\"450\" src=\"https:\/\/www.youtube.com\/embed\/Uu6wtWjnDKM?feature=oembed\" frameborder=\"0\" allowfullscreen><\/iframe><\/div>\n\n<div style=\"font-size: 0px; height: 0px; line-height: 0px; margin: 0; padding: 0; clear: both;\"><\/div>","protected":false},"excerpt":{"rendered":"<p>D\u00e9j\u00e0 sous le feu des projecteurs ce week-end apr\u00e8s l\u2019annonce de sa possible candidature \u00e0 la primaire de gauche, Manuel<\/p>\n","protected":false},"author":1,"featured_media":1120,"comment_status":"closed","ping_status":"closed","sticky":false,"template":"","format":"standard","meta":{"sfsi_plus_gutenberg_text_before_share":"","sfsi_plus_gutenberg_show_text_before_share":"","sfsi_plus_gutenberg_icon_type":"","sfsi_plus_gutenberg_icon_alignemt":"","sfsi_plus_gutenburg_max_per_row":""},"categories":[26,21],"tags":[290,289,224,287,294,293,41,295,61,296,288,291,292],"_links":{"self":[{"href":"https:\/\/kabylietimes.com\/index.php\/wp-json\/wp\/v2\/posts\/1119"}],"collection":[{"href":"https:\/\/kabylietimes.com\/index.php\/wp-json\/wp\/v2\/posts"}],"about":[{"href":"https:\/\/kabylietimes.com\/index.php\/wp-json\/wp\/v2\/types\/post"}],"author":[{"embeddable":true,"href":"https:\/\/kabylietimes.com\/index.php\/wp-json\/wp\/v2\/users\/1"}],"replies":[{"embeddable":true,"href":"https:\/\/kabylietimes.com\/index.php\/wp-json\/wp\/v2\/comments?post=1119"}],"version-history":[{"count":2,"href":"https:\/\/kabylietimes.com\/index.php\/wp-json\/wp\/v2\/posts\/1119\/revisions"}],"predecessor-version":[{"id":1122,"href":"https:\/\/kabylietimes.com\/index.php\/wp-json\/wp\/v2\/posts\/1119\/revisions\/1122"}],"wp:featuredmedia":[{"embeddable":true,"href":"https:\/\/kabylietimes.com\/index.php\/wp-json\/wp\/v2\/media\/1120"}],"wp:attachment":[{"href":"https:\/\/kabylietimes.com\/index.php\/wp-json\/wp\/v2\/media?parent=1119"}],"wp:term":[{"taxonomy":"category","embeddable":true,"href":"https:\/\/kabylietimes.com\/index.php\/wp-json\/wp\/v2\/categories?post=1119"},{"taxonomy":"post_tag","embeddable":true,"href":"https:\/\/kabylietimes.com\/index.php\/wp-json\/wp\/v2\/tags?post=1119"}],"curies":[{"name":"wp","href":"https:\/\/api.w.org\/{rel}","templated":true}]}}