{"id":1113,"date":"2016-11-29T23:14:47","date_gmt":"2016-11-29T22:14:47","guid":{"rendered":"http:\/\/kabylietimes.com\/?p=1113"},"modified":"2016-11-29T23:20:54","modified_gmt":"2016-11-29T22:20:54","slug":"algerie-trois-ans-de-prison-200-000-da-damende-chauffards","status":"publish","type":"post","link":"https:\/\/kabylietimes.com\/index.php\/2016\/11\/29\/algerie-trois-ans-de-prison-200-000-da-damende-chauffards\/","title":{"rendered":"Alg\u00e9rie: trois ans de prison 200 000 DA d\u2019amende pour les chauffards"},"content":{"rendered":"<p style=\"text-align: justify;\">Un nouveau projet de loi concernant certaines infractions au code de la route et leurs sanctions a \u00e9t\u00e9 examin\u00e9 en pr\u00e9sence du ministre des Transports et des Travaux publics, ce mardi\u00a0 29 novembre, par la chambre basse du parlement alg\u00e9rien, et ce, apr\u00e8s une proposition faite par la commission des transports et des t\u00e9l\u00e9communications de l\u2019APN. \u00a0Ces amendements sont notamment li\u00e9s aux sanctions pr\u00e9vues pour les \u00ab\u00a0conducteurs de v\u00e9hicules de transport de marchandise qui ne respectent pas le temps de pause\u00a0\u00bb.<\/p>\n<p style=\"text-align: justify;\">Ladite commission a modifi\u00e9, lors de cette s\u00e9ance, l\u2019article 98 introduisant la possibilit\u00e9 pour la juridiction comp\u00e9tente suite \u00e0 une infraction \u00ab\u00a0de proc\u00e9der \u00e0 la suspension du permis de conduire pour une dur\u00e9e de 4 ann\u00e9es selon les d\u00e9lits\u00a0\u00bb. \u00ab\u00a0En cas de r\u00e9cidive, elle proc\u00e8de \u00e0 l\u2019annulation du permis de conduire, l\u2019int\u00e9ress\u00e9 ne pourra pas postuler pour l\u2019obtention d\u2019un nouveau permis de conduire pendant cinq ans\u00a0\u00bb, selon l\u2019agence officielle.<\/p>\n<p style=\"text-align: justify;\">Les d\u00e9put\u00e9s, ont par ailleurs, propos\u00e9 une peine allant jusqu\u2019\u00e0 \u00ab\u00a0trois ann\u00e9es de prison et une amende entre 50\u00a0000 et 200\u00a0000 DA pour le conducteur de v\u00e9hicule de transport de marchandise dont le poids total d\u00e9passe 3\u00a0500\u00a0kg ou de transport de voyageurs d\u2019une capacit\u00e9 de plus de 9 personnes\u00a0\u00bb, selon la m\u00eame source.<\/p>\n<p style=\"text-align: justify;\">Ces d\u00e9put\u00e9s ont \u00e9galement propos\u00e9 de modifier l\u2019article 11 pour que le port de la ceinture de s\u00e9curit\u00e9 soit \u00ab\u00a0obligatoire pour tous les passagers avant et arri\u00e8re des v\u00e9hicules qui en sont \u00e9quip\u00e9s\u00a0\u00bb. Cette disposition \u00e9voque \u00e9galement l\u2019obligation de mise en place d\u2019un dispositif de retenue de si\u00e8ge pour les enfants de moins de 6 ans sur les si\u00e8ges arri\u00e8re du v\u00e9hicule.<\/p>\n<p style=\"text-align: justify;\">Lire aussi: <a href=\"http:\/\/kabylietimes.com\/index.php\/2016\/11\/23\/algerie-5000-damende-pour-non-port-ceinture-passager-arriere\/\">\u00a05000 da d\u2019amende pour non port de la ceinture passager arri\u00e8re<\/a><\/p>\n<p style=\"text-align: justify;\">\n<p>&nbsp;<\/p>\n\n<div style=\"font-size: 0px; height: 0px; line-height: 0px; margin: 0; padding: 0; clear: both;\"><\/div>","protected":false},"excerpt":{"rendered":"<p>Un nouveau projet de loi concernant certaines infractions au code de la route et leurs sanctions a \u00e9t\u00e9 examin\u00e9 en<\/p>\n","protected":false},"author":1,"featured_media":1114,"comment_status":"closed","ping_status":"closed","sticky":false,"template":"","format":"standard","meta":{"sfsi_plus_gutenberg_text_before_share":"","sfsi_plus_gutenberg_show_text_before_share":"","sfsi_plus_gutenberg_icon_type":"","sfsi_plus_gutenberg_icon_alignemt":"","sfsi_plus_gutenburg_max_per_row":""},"categories":[26],"tags":[283,30,284,96,260,285,286],"_links":{"self":[{"href":"https:\/\/kabylietimes.com\/index.php\/wp-json\/wp\/v2\/posts\/1113"}],"collection":[{"href":"https:\/\/kabylietimes.com\/index.php\/wp-json\/wp\/v2\/posts"}],"about":[{"href":"https:\/\/kabylietimes.com\/index.php\/wp-json\/wp\/v2\/types\/post"}],"author":[{"embeddable":true,"href":"https:\/\/kabylietimes.com\/index.php\/wp-json\/wp\/v2\/users\/1"}],"replies":[{"embeddable":true,"href":"https:\/\/kabylietimes.com\/index.php\/wp-json\/wp\/v2\/comments?post=1113"}],"version-history":[{"count":4,"href":"https:\/\/kabylietimes.com\/index.php\/wp-json\/wp\/v2\/posts\/1113\/revisions"}],"predecessor-version":[{"id":1118,"href":"https:\/\/kabylietimes.com\/index.php\/wp-json\/wp\/v2\/posts\/1113\/revisions\/1118"}],"wp:featuredmedia":[{"embeddable":true,"href":"https:\/\/kabylietimes.com\/index.php\/wp-json\/wp\/v2\/media\/1114"}],"wp:attachment":[{"href":"https:\/\/kabylietimes.com\/index.php\/wp-json\/wp\/v2\/media?parent=1113"}],"wp:term":[{"taxonomy":"category","embeddable":true,"href":"https:\/\/kabylietimes.com\/index.php\/wp-json\/wp\/v2\/categories?post=1113"},{"taxonomy":"post_tag","embeddable":true,"href":"https:\/\/kabylietimes.com\/index.php\/wp-json\/wp\/v2\/tags?post=1113"}],"curies":[{"name":"wp","href":"https:\/\/api.w.org\/{rel}","templated":true}]}}